{"id":100,"date":"2011-06-08T09:45:41","date_gmt":"2011-06-08T07:45:41","guid":{"rendered":"https:\/\/www.opinioneslibres.es\/anecdotaseironiasdesdecabomayor\/?p=100"},"modified":"2011-06-08T09:45:41","modified_gmt":"2011-06-08T07:45:41","slug":"la-decimotercera-historia-la-foguerona-de-san-juan","status":"publish","type":"post","link":"https:\/\/www.opinioneslibres.es\/anecdotaseironiasdesdecabomayor\/?p=100","title":{"rendered":"La Decimotercera historia: La Foguerona de San Juan"},"content":{"rendered":"<p>La plaza de San Salvador era el lugar de celebraci\u00f3n de la noche de San Juan, donde se prend\u00eda fuego a la hoguera, la \u00abfoguerona\u00bb de San Juan, como as\u00ed se llamaba en toda la comarca del alto Aller.<\/p>\n<p>En Asturias no es la hoguera exclusiva de este d\u00eda, aunque s\u00ed es ritual generalizado en la noche del 23 de junio. A. del Llano<a name=\"_ftnref\" href=\"#_ftn1\">[1]<\/a> descubre la costumbre de encender la \u00abfoguera\u00bb la v\u00edspera de la fiesta del pueblo, delante de la iglesia o ermita. En Aller el fuego es inherente a las fiestas, hasta el punto de que por extensi\u00f3n, la \u00abfoguera\u00bb forma parte del conjunto de manifestaciones p\u00fablicas que tienen lugar el d\u00eda anterior a la festividad.<\/p>\n<hr size=\"1\" \/><a name=\"_ftn1\" href=\"#_ftnref\">[1]<\/a> Llano Roza de Ampudia, A de, Del folclore asturiano, Oviedo 1977.<\/p>\n<p><!--more--><\/p>\n<p>Los ni\u00f1os \u00e9ramos los m\u00e1s madrugadores a la hora de traer las ramas, hojas, palos y peque\u00f1os troncos para preparar la hoguera. Desde las primeras horas de la tarde del 23 de junio hasta el anochecer junt\u00e1bamos toda clase de material combustible, sobre todo troncos secos de \u00e1rboles, que arrastr\u00e1bamos hasta la plaza amonton\u00e1ndolos cuidadosamente. Al anochecer los mozos del pueblo comenzaban a traer le\u00f1a y los ni\u00f1os qued\u00e1bamos en la plaza expectantes hasta la hora de encender la hoguera. Siempre eran los mozos del pueblo los encargados de esta obligaci\u00f3n, pero antes del encendido se iban acercando todos los vecinos en torno al mont\u00f3n de le\u00f1a. Se encend\u00eda la hoguera y enseguida tomaba grandes proporciones iluminando la plaza de San Salvador.<\/p>\n<p>Los vecinos, cogidos de la mano formaban un cord\u00f3n humano para danzar alrededor de la hoguera. Los mozos y las mozas entonaban las canciones tradicionales de la noche de San Juan. Hab\u00eda una cierta rivalidad entre unos y otras a la hora de poner letra a las tonadas. A trav\u00e9s de estas canciones se daba un repaso a los acontecimientos m\u00e1s importantes que hab\u00edan sucedido a lo largo del a\u00f1o. Los poetas del pueblo colaboraban en la confecci\u00f3n de los ripios de la noche de San Juan, aunque tambi\u00e9n aparec\u00eda el ingenio espontaneo de las mozas y los mozos a la hora de bromear sobre las relaciones amorosas de alguno de ellos.<\/p>\n<p>En el Cancionero musical de la l\u00edrica popular asturiana de E. Mart\u00ednez Torner aparecen ciertos cantares populares, algunos de ellos muy conocidos que informan del sentido de la \u00abfoguera\u00bb en fecha tan se\u00f1alada:<\/p>\n<p>\u00a1Se\u00f1or San Juan!<\/p>\n<p>En la foguera<\/p>\n<p>Ya no hay que quemar.<\/p>\n<p>\u00a1Viva la danza!<\/p>\n<p>Y los que en ella est\u00e1n.<\/p>\n<p>\u00a1Se\u00f1or San Juan!<\/p>\n<p>Coplas nacidas al calor de la hoguera de la noche de San Juan puestas en boca del pueblo:<\/p>\n<p>Yo, si voy a la foguera<\/p>\n<p>No voy a la romer\u00eda<\/p>\n<p>Que mi padre no me deja<\/p>\n<p>Andar de noche de d\u00eda.<\/p>\n<p>Cuando el fuego bajaba de intensidad y se hab\u00edan terminado las danzas y tonadas, comenzaba el rito del salto de la hoguera por parte de los mozos. En el cancionero antes citado aparece el salto de la hoguera:<\/p>\n<p>Amor es fuego<\/p>\n<p>Quien no se atreva<\/p>\n<p>A saltar las llamas<\/p>\n<p>Que no me quiera.<\/p>\n<p>Los saltos de los mozos resultaban un espect\u00e1culo m\u00e1s de la noche de San Juan. Al principio lo hac\u00edan ayud\u00e1ndose de un palo a modo de p\u00e9rtiga y cuando hab\u00eda bajado la intensidad de las llamas saltaban sin ninguna ayuda. Siempre se produc\u00eda alguno que otro percance por parte de los hombres m\u00e1s maduros que presum\u00edan de j\u00f3venes, cuando intentaban saltar la hoguera y terminaban chamusc\u00e1ndose las posaderas. Estos incidentes los aprovechaban los poetas para reproducirlos en los ripios que se fueran a cantar en la pr\u00f3xima \u00abfoguerona\u00bb de San Juan.<\/p>\n<p>Guardo un recuerdo muy alegre, divertido y luminoso de la \u00abfoguerona\u00bb de San Juan en la plaza de San Salvador.<\/p>\n","protected":false},"excerpt":{"rendered":"<p>La plaza de San Salvador era el lugar de celebraci\u00f3n de la noche de San Juan, donde se prend\u00eda fuego a la hoguera, la \u00abfoguerona\u00bb de San Juan, como as\u00ed se llamaba en toda la comarca del alto Aller. En Asturias no es la hoguera exclusiva de este d\u00eda, aunque s\u00ed es ritual generalizado en [&#8230;]<\/p>\n","protected":false},"author":2,"featured_media":0,"comment_status":"open","ping_status":"open","sticky":false,"template":"","format":"standard","meta":{"footnotes":""},"categories":[3],"tags":[],"class_list":["post-100","post","type-post","status-publish","format-standard","hentry","category-general"],"_links":{"self":[{"href":"https:\/\/www.opinioneslibres.es\/anecdotaseironiasdesdecabomayor\/index.php?rest_route=\/wp\/v2\/posts\/100","targetHints":{"allow":["GET"]}}],"collection":[{"href":"https:\/\/www.opinioneslibres.es\/anecdotaseironiasdesdecabomayor\/index.php?rest_route=\/wp\/v2\/posts"}],"about":[{"href":"https:\/\/www.opinioneslibres.es\/anecdotaseironiasdesdecabomayor\/index.php?rest_route=\/wp\/v2\/types\/post"}],"author":[{"embeddable":true,"href":"https:\/\/www.opinioneslibres.es\/anecdotaseironiasdesdecabomayor\/index.php?rest_route=\/wp\/v2\/users\/2"}],"replies":[{"embeddable":true,"href":"https:\/\/www.opinioneslibres.es\/anecdotaseironiasdesdecabomayor\/index.php?rest_route=%2Fwp%2Fv2%2Fcomments&post=100"}],"version-history":[{"count":0,"href":"https:\/\/www.opinioneslibres.es\/anecdotaseironiasdesdecabomayor\/index.php?rest_route=\/wp\/v2\/posts\/100\/revisions"}],"wp:attachment":[{"href":"https:\/\/www.opinioneslibres.es\/anecdotaseironiasdesdecabomayor\/index.php?rest_route=%2Fwp%2Fv2%2Fmedia&parent=100"}],"wp:term":[{"taxonomy":"category","embeddable":true,"href":"https:\/\/www.opinioneslibres.es\/anecdotaseironiasdesdecabomayor\/index.php?rest_route=%2Fwp%2Fv2%2Fcategories&post=100"},{"taxonomy":"post_tag","embeddable":true,"href":"https:\/\/www.opinioneslibres.es\/anecdotaseironiasdesdecabomayor\/index.php?rest_route=%2Fwp%2Fv2%2Ftags&post=100"}],"curies":[{"name":"wp","href":"https:\/\/api.w.org\/{rel}","templated":true}]}}