{"id":104,"date":"2011-10-11T09:40:34","date_gmt":"2011-10-11T07:40:34","guid":{"rendered":"https:\/\/www.opinioneslibres.es\/anecdotaseironiasdesdecabomayor\/?p=104"},"modified":"2011-10-11T09:40:34","modified_gmt":"2011-10-11T07:40:34","slug":"la-decimocuarta-historia-el-substrato-religioso-7-la-virgen-del-rosario","status":"publish","type":"post","link":"https:\/\/www.opinioneslibres.es\/anecdotaseironiasdesdecabomayor\/?p=104","title":{"rendered":"La decimocuarta historia: El substrato religioso 7. La Virgen del Rosario"},"content":{"rendered":"<p><em><img loading=\"lazy\" decoding=\"async\" class=\"aligncenter size-medium wp-image-103\" title=\"scan\" src=\"https:\/\/www.opinioneslibres.es\/anecdotaseironiasdesdecabomayor\/wp-content\/uploads\/2011\/10\/scan1-229x300.jpg\" alt=\"scan\" width=\"229\" height=\"300\" srcset=\"https:\/\/www.opinioneslibres.es\/anecdotaseironiasdesdecabomayor\/wp-content\/uploads\/2011\/10\/scan1-229x300.jpg 229w, https:\/\/www.opinioneslibres.es\/anecdotaseironiasdesdecabomayor\/wp-content\/uploads\/2011\/10\/scan1.jpg 781w\" sizes=\"auto, (max-width: 229px) 100vw, 229px\" \/>La Virgen del Rosario, Bartolom\u00e9 Esteban Murillo (1618-1682)<\/em><\/p>\n<p><em>Museo nacional del Prado, Madrid, Espa\u00f1a.<\/em><\/p>\n<p><strong><em>La conmemoraci\u00f3n de la fiesta de Nuestra Se\u00f1ora la\u00a0 Virgen del\u00a0 Rosario fue instituida por el papa san P\u00edo V en el d\u00eda aniversario de la victoria obtenida por los cristianos en la batalla naval de Lepanto (1571), victoria atribuida a la madre de Dios, invocada por la oraci\u00f3n del rosario. El papa design\u00f3 el siete de octubre de cada a\u00f1o para conmemorar esta<\/em><\/strong><em> <strong>fiesta cristiana. Es una invitaci\u00f3n para todos a meditar los misterios de Cristo, en compa\u00f1\u00eda de la Virgen Mar\u00eda, que estuvo asociada de un modo especial\u00edsimo a la encarnaci\u00f3n, la pasi\u00f3n y la gloria de la resurrecci\u00f3n del Hijo de Dios.<!--more--><\/strong><\/em><\/p>\n<p><strong> <\/strong><\/p>\n<p><strong>Recuerdo homenaje a la Patrona de San Salvador <\/strong><\/p>\n<p>Las primeras ense\u00f1anzas religiosas las recib\u00ed de mis padres, de la familia de do\u00f1a Fermina y en el catecismo semanal que hab\u00eda en la parroquia de San Salvador todos los domingos del a\u00f1o. Estos primeros pasos en mi aprendizaje religioso son lo que yo denomino el substrato religioso.<\/p>\n<p>Las primeras oraciones que conozco nacen del h\u00e1bito al que mi madre nos acostumbr\u00f3 diariamente a la hora de las comidas y de acostarnos. Tambi\u00e9n nos inculc\u00f3 su devoci\u00f3n mariana y la fe que mi padre tuvo siempre en la Virgen del Rosario, patrona de San Salvador. Cuando tuvimos uso de raz\u00f3n, mi madre fue exigente con nosotros en el cumplimiento dominical y en las obligaciones que derivaban\u00a0 del a\u00f1o lit\u00fargico, as\u00ed como la asistencia inexcusable al catecismo en la Iglesia del pueblo todos los domingos. Recuerdo como tambi\u00e9n rez\u00e1bamos juntos el rosario en casa, de una manera especial, en aquellas ocasiones m\u00e1s delicadas por las que pas\u00f3 nuestra familia.<\/p>\n<p>Siendo yo muy ni\u00f1o, recuerdo la visita que nos hizo la imagen de Nuestra Se\u00f1ora del Rosario a nuestro domicilio por motivo de una larga enfermedad por la que pas\u00f3 mi padre. Por aquellos d\u00edas se celebraban unas jornadas misioneras en la parroquia de San Salvador y cada d\u00eda visitaban en procesi\u00f3n la casa de alguno de los enfermos del pueblo, dejando la imagen de la Virgen toda la noche en nuestro domicilio.<\/p>\n<p>Mi madre fue siempre muy aficionada al cultivo de las plantas y ten\u00eda gran variedad de ellas en el largo corredor de nuestra vivienda, el segundo piso de la casa de do\u00f1a Fermina. Cuidaba tan bien las plantas que las vecinas del pueblo la animaron a presentar alguna de ellas en el concurso provincial que organizaba todos los a\u00f1os la Diputaci\u00f3n Provincial de Oviedo y en el que gan\u00f3 el primer premio con un cactus<a name=\"_GoBack\"><\/a> hermoso que adornaba el comedor de la casa. En aquella ocasi\u00f3n engalan\u00f3 toda la escalera de la casa con las plantas para recibir a la Virgen, improvis\u00f3 un altar en la habitaci\u00f3n, donde estaba acostado mi padre, sobre un gran mueble palanganero de madera tallada, con una luna horizontal, con la encimera de m\u00e1rmol rosa y la palangana central de cer\u00e1mica blanca. Tap\u00f3 con s\u00e1banas todo el mueble y lo adorn\u00f3 con floreros cuajados de rosas y ramas verdes, candelabros de cristal con las velas que alumbraron durante toda la noche a la Virgen de Rosario.<\/p>\n<p>Tener tan cerca de m\u00ed, por primera vez, la imagen de Nuestra Se\u00f1ora, fue una impresi\u00f3n inolvidable. La mir\u00e9 con respeto, con fe, con esperanza, con ojos de ni\u00f1o y coraz\u00f3n limpio. Ten\u00eda el Ni\u00f1o Jes\u00fas sobre un brazo y sobre el otro colgaba el rosario de n\u00e1car blanco. Me impresionaron y aterrorizaron los agujeros de los balazos que sufri\u00f3 la imagen durante la guerra civil. Cuando nos quedamos solos con la Virgen, nos pusimos de rodillas y rezamos el rosario todos en familia. Luego acerqu\u00e9 una silla hasta el improvisado altar, me encaram\u00e9 en ella, alargu\u00e9 la mano para tocar el manto, bes\u00e9 los pies de la Virgen con cari\u00f1o. Fue una emoci\u00f3n muy parecida a la del beso limpio de ni\u00f1o enamorado, pero m\u00e1s sagrada, m\u00e1s espiritual, m\u00e1s llena de agradecimiento por el privilegio de la visita de la Se\u00f1ora.<\/p>\n<p>Nunca m\u00e1s se borr\u00f3 de mi mente la imagen serena y tranquila de Nuestra Se\u00f1ora del Rosario que san\u00f3 la larga enfermedad de mi padre.<\/p>\n","protected":false},"excerpt":{"rendered":"<p>La Virgen del Rosario, Bartolom\u00e9 Esteban Murillo (1618-1682) Museo nacional del Prado, Madrid, Espa\u00f1a. La conmemoraci\u00f3n de la fiesta de Nuestra Se\u00f1ora la\u00a0 Virgen del\u00a0 Rosario fue instituida por el papa san P\u00edo V en el d\u00eda aniversario de la victoria obtenida por los cristianos en la batalla naval de Lepanto (1571), victoria atribuida a [&#8230;]<\/p>\n","protected":false},"author":1,"featured_media":0,"comment_status":"open","ping_status":"open","sticky":false,"template":"","format":"standard","meta":{"footnotes":""},"categories":[3],"tags":[],"class_list":["post-104","post","type-post","status-publish","format-standard","hentry","category-general"],"_links":{"self":[{"href":"https:\/\/www.opinioneslibres.es\/anecdotaseironiasdesdecabomayor\/index.php?rest_route=\/wp\/v2\/posts\/104","targetHints":{"allow":["GET"]}}],"collection":[{"href":"https:\/\/www.opinioneslibres.es\/anecdotaseironiasdesdecabomayor\/index.php?rest_route=\/wp\/v2\/posts"}],"about":[{"href":"https:\/\/www.opinioneslibres.es\/anecdotaseironiasdesdecabomayor\/index.php?rest_route=\/wp\/v2\/types\/post"}],"author":[{"embeddable":true,"href":"https:\/\/www.opinioneslibres.es\/anecdotaseironiasdesdecabomayor\/index.php?rest_route=\/wp\/v2\/users\/1"}],"replies":[{"embeddable":true,"href":"https:\/\/www.opinioneslibres.es\/anecdotaseironiasdesdecabomayor\/index.php?rest_route=%2Fwp%2Fv2%2Fcomments&post=104"}],"version-history":[{"count":0,"href":"https:\/\/www.opinioneslibres.es\/anecdotaseironiasdesdecabomayor\/index.php?rest_route=\/wp\/v2\/posts\/104\/revisions"}],"wp:attachment":[{"href":"https:\/\/www.opinioneslibres.es\/anecdotaseironiasdesdecabomayor\/index.php?rest_route=%2Fwp%2Fv2%2Fmedia&parent=104"}],"wp:term":[{"taxonomy":"category","embeddable":true,"href":"https:\/\/www.opinioneslibres.es\/anecdotaseironiasdesdecabomayor\/index.php?rest_route=%2Fwp%2Fv2%2Fcategories&post=104"},{"taxonomy":"post_tag","embeddable":true,"href":"https:\/\/www.opinioneslibres.es\/anecdotaseironiasdesdecabomayor\/index.php?rest_route=%2Fwp%2Fv2%2Ftags&post=104"}],"curies":[{"name":"wp","href":"https:\/\/api.w.org\/{rel}","templated":true}]}}