{"id":153,"date":"2012-09-17T06:49:36","date_gmt":"2012-09-17T06:49:36","guid":{"rendered":"https:\/\/www.opinioneslibres.es\/anecdotaseironiasdesdecabomayor\/?p=153"},"modified":"2012-09-17T06:49:36","modified_gmt":"2012-09-17T06:49:36","slug":"vigesima-historia-parroquia-de-san-salvador-de-cabanaquinta","status":"publish","type":"post","link":"https:\/\/www.opinioneslibres.es\/anecdotaseironiasdesdecabomayor\/?p=153","title":{"rendered":"Vig\u00e9sima historia: parroquia de San Salvador de Caba\u00f1aquinta"},"content":{"rendered":"<p style=\"text-align: left;\">Fotos modernas:<\/p>\n<p style=\"text-align: center;\"><a href=\"https:\/\/www.opinioneslibres.es\/anecdotaseironiasdesdecabomayor\/wp-content\/uploads\/2012\/09\/foto01.jpg\"><img loading=\"lazy\" decoding=\"async\" class=\"aligncenter size-full wp-image-158\" title=\"foto01\" src=\"https:\/\/www.opinioneslibres.es\/anecdotaseironiasdesdecabomayor\/wp-content\/uploads\/2012\/09\/foto01.jpg\" alt=\"\" width=\"288\" height=\"186\" \/><\/a>Iglesia parroquia de San Salvador de Caba\u00f1inta<\/p>\n<p style=\"text-align: center;\"><a href=\"https:\/\/www.opinioneslibres.es\/anecdotaseironiasdesdecabomayor\/wp-content\/uploads\/2012\/09\/foto02.jpg\"><img loading=\"lazy\" decoding=\"async\" class=\"aligncenter size-full wp-image-159\" title=\"foto02\" src=\"https:\/\/www.opinioneslibres.es\/anecdotaseironiasdesdecabomayor\/wp-content\/uploads\/2012\/09\/foto02.jpg\" alt=\"\" width=\"288\" height=\"224\" \/><\/a>Ayuntamiento de Aller en Caba\u00f1aquinta, capital del Concejo<\/p>\n<p style=\"text-align: center;\"><a href=\"https:\/\/www.opinioneslibres.es\/anecdotaseironiasdesdecabomayor\/wp-content\/uploads\/2012\/09\/foto03.jpg\"><img loading=\"lazy\" decoding=\"async\" class=\"aligncenter size-medium wp-image-157\" title=\"foto03\" src=\"https:\/\/www.opinioneslibres.es\/anecdotaseironiasdesdecabomayor\/wp-content\/uploads\/2012\/09\/foto03-300x214.jpg\" alt=\"\" width=\"300\" height=\"214\" srcset=\"https:\/\/www.opinioneslibres.es\/anecdotaseironiasdesdecabomayor\/wp-content\/uploads\/2012\/09\/foto03-300x214.jpg 300w, https:\/\/www.opinioneslibres.es\/anecdotaseironiasdesdecabomayor\/wp-content\/uploads\/2012\/09\/foto03.jpg 302w\" sizes=\"auto, (max-width: 300px) 100vw, 300px\" \/><\/a>Vista panor\u00e1mica de la Villa de Caba\u00f1aquinta<\/p>\n<p style=\"text-align: center;\"><a href=\"https:\/\/www.opinioneslibres.es\/anecdotaseironiasdesdecabomayor\/wp-content\/uploads\/2012\/09\/foto04.jpg\"><img loading=\"lazy\" decoding=\"async\" class=\"aligncenter size-medium wp-image-156\" title=\"foto04\" src=\"https:\/\/www.opinioneslibres.es\/anecdotaseironiasdesdecabomayor\/wp-content\/uploads\/2012\/09\/foto04-300x184.jpg\" alt=\"\" width=\"300\" height=\"184\" srcset=\"https:\/\/www.opinioneslibres.es\/anecdotaseironiasdesdecabomayor\/wp-content\/uploads\/2012\/09\/foto04-300x184.jpg 300w, https:\/\/www.opinioneslibres.es\/anecdotaseironiasdesdecabomayor\/wp-content\/uploads\/2012\/09\/foto04.jpg 313w\" sizes=\"auto, (max-width: 300px) 100vw, 300px\" \/><\/a>Vista panor\u00e1mica de San Salvador de Caba\u00f1aquinta en 1919<\/p>\n<p style=\"text-align: center;\"><a href=\"https:\/\/www.opinioneslibres.es\/anecdotaseironiasdesdecabomayor\/wp-content\/uploads\/2012\/09\/foto05.jpg\"><img loading=\"lazy\" decoding=\"async\" class=\"aligncenter size-medium wp-image-155\" title=\"foto05\" src=\"https:\/\/www.opinioneslibres.es\/anecdotaseironiasdesdecabomayor\/wp-content\/uploads\/2012\/09\/foto05-300x186.jpg\" alt=\"\" width=\"300\" height=\"186\" srcset=\"https:\/\/www.opinioneslibres.es\/anecdotaseironiasdesdecabomayor\/wp-content\/uploads\/2012\/09\/foto05-300x186.jpg 300w, https:\/\/www.opinioneslibres.es\/anecdotaseironiasdesdecabomayor\/wp-content\/uploads\/2012\/09\/foto05.jpg 310w\" sizes=\"auto, (max-width: 300px) 100vw, 300px\" \/><\/a>La plaza de la Villa con la casa de los Quijano en la parte izquierda en 1950<\/p>\n<p style=\"text-align: center;\"><a href=\"https:\/\/www.opinioneslibres.es\/anecdotaseironiasdesdecabomayor\/wp-content\/uploads\/2012\/09\/foto06.jpg\"><img loading=\"lazy\" decoding=\"async\" class=\"aligncenter size-full wp-image-154\" title=\"foto06\" src=\"https:\/\/www.opinioneslibres.es\/anecdotaseironiasdesdecabomayor\/wp-content\/uploads\/2012\/09\/foto06.jpg\" alt=\"\" width=\"297\" height=\"193\" \/><\/a>Carrera ciclista durante las fiestas de Nuestra Se\u00f1ora del Rosario en 1964<\/p>\n<p style=\"text-align: justify;\">San Salvador de Caba\u00f1aquinta es la capital del Concejo de Aller. Es una villa peque\u00f1a que tiene zona rural y un t\u00e9rmino m\u00e1s urbano, pero en definitiva un pueblo. Aunque, por accidente, hab\u00eda nacido en la capital siempre me he sentido de mi pueblo. Los ni\u00f1os en los pueblos tenemos un mayor contacto con\u00a0 la naturaleza y con el entorno. Conocemos y distinguimos mejor la fauna y flora, as\u00ed como los distintos pasos en el mundo vegetal y animal. Reconocemos las distintas aves, c\u00f3mo y d\u00f3nde anidan seg\u00fan la especie, o las distintas clases de \u00e1rboles por el tipo y tiempo de hoja. Es un aprendizaje de generaci\u00f3n en generaci\u00f3n. Se va pasando de j\u00f3venes a ni\u00f1os a trav\u00e9s de la escuela, los juegos y la convivencia.<\/p>\n<p style=\"text-align: justify;\">San Salvador de Caba\u00f1aquinta es un pueblo metido en un valle que se ensancha desde el r\u00edo Aller, que corre, bordeando el final de la ladera del monte Renorios, hasta la falda de la Colladona.<\/p>\n<p style=\"text-align: justify;\">La carretera de la Laviana es el mejor observatorio para contemplar el pueblo en vista panor\u00e1mica. Es una carretera famosa porque a trav\u00e9s de ella se comunican los dos valles mineros\u00a0 m\u00e1s importantes de Asturias; el del r\u00edo Caudal y el del r\u00edo Nal\u00f3n. Tambi\u00e9n le viene la fama porque, en los tiempos de la posguerra,\u00a0 fue territorio que frecuentaban los maquis, o los huidos al monte, que era la manera como el pueblo los llamaba.<\/p>\n<p style=\"text-align: justify;\">La curvona es un lugar singular y privilegiado en esta carretera para divisar el pueblo desde lo alto. Es la primera curva m\u00e1s pronunciada, que est\u00e1 a un kil\u00f3metro del pueblo y asciende en tan poco recorrido unos trescientos metros por encima de \u00e9l. Este trayecto hasta llegar a la curvona es un paseo agradable, porque el trazado de la carretera de la Laviana se dibuja a todo lo largo y ancho de la ladera sur de la monta\u00f1a hasta llegar a la cumbre que se denomina el Alto de la Colladona.<\/p>\n<p style=\"text-align: justify;\">Desde la cima hasta Pola de Laviana se extiende el valle de la Aldea Perdida que describe, en la novela del mismo nombre, el escritor asturiano\u00a0 don Armando Palacio Vald\u00e9s. A m\u00ed me gusta m\u00e1s el valle de San Salvador.<\/p>\n<p style=\"text-align: justify;\">Es una carretera muy soleada en la que caminas muy a gusto durante las cuatro estaciones del a\u00f1o, pero de una manera especial en la primavera.<\/p>\n<p style=\"text-align: justify;\">Todos los a\u00f1os inicio la subida con alegr\u00eda pero siento pronto en las piernas lo empinado del camino. Se hace necesario el primer descanso en el muro protector de la calzada, justo enfrente de la pumarada de Seraf\u00edn, v\u00edctima \u00e9ste del primer hurto de manzanas de todos los ni\u00f1os del pueblo. En este lugar disfruto contemplando el deslinde, entre carretera y pomarada, cuajado de rosales con flores blancas y rojas a lo largo de toda la zarza.<\/p>\n<p style=\"text-align: justify;\">A partir de aqu\u00ed existe una zona m\u00e1s sombr\u00eda por las copas de los \u00e1rboles a ambos lados de la carretera que impiden con las hojas el paso de los rayos del sol.<\/p>\n<p style=\"text-align: justify;\">M\u00e1s adelante llaman la atenci\u00f3n los restos de un viejo cargadero de carb\u00f3n, que contrasta con el verde fresco que lo invade por todas partes.<\/p>\n<p style=\"text-align: justify;\">Sigo caminando hasta enfocar los \u00faltimos metros para llegar a la curvona. Esta curva m\u00e1s pronunciada no tiene muro protector, porque la franja que mira hacia el pueblo sobresale como un amplio balc\u00f3n natural donde\u00a0 puedo descansar y a la vez contemplar el inmenso, hermoso y atractivo cuadro de San Salvador de Caba\u00f1aquinta.<\/p>\n<p style=\"text-align: justify;\">Destacan en esta vista panor\u00e1mica tres pinceladas paralelas de arriba abajo que enmarcan la parte derecha de este gigantesco paisaje. La verde transparente salpicada de espuma blanca del r\u00edo Aller,\u00a0 mojando la ladera del monte Renorios, pegada al marco derecho del lienzo. La plateada y reluciente de las v\u00edas del ferrocarril que corren paralelas al curso del r\u00edo. Y la pincelada negra m\u00e1s ancha y centrada, la carretera general que divide al pueblo en dos zonas; la rural al lado izquierdo y la m\u00e1s urbana al derecho.<\/p>\n<p style=\"text-align: justify;\">En la parte m\u00e1s centrada de la zona rural destaca la mancha rojiza de los tejados api\u00f1ados entorno a la plaza del pueblo. Me atrae no s\u00f3lo por su colorido sino porque instintivamente busco el tejado de la casa de los Quijano donde pas\u00e9 toda mi infancia.<\/p>\n<p style=\"text-align: justify;\">En la parte superior de la pintura aparece la iglesia del pueblo, con la imagen sobresaliente del Sagrado Coraz\u00f3n de Jes\u00fas con los brazos abiertos,\u00a0 como queriendo abrazar\u00a0 a todos los feligreses de San Salvador de Caba\u00f1aquinta. Avisto por encima y detr\u00e1s de la Iglesia,\u00a0 el cementerio que se posa sobre una peque\u00f1a loma luciendo los m\u00e1rmoles blancos que resaltan en la parte superior del lienzo.<\/p>\n<p style=\"text-align: justify;\">El resto de la parte rural est\u00e1 salpicada a lo largo del margen izquierdo del cuadro por los dos barrios sobresalientes. El barrio de la Vallina en la parte m\u00e1s alta y el del Barrero a la altura de donde estamos, centrado y bajando disperso hasta la gran mancha rojiza de la plaza.<\/p>\n<p style=\"text-align: justify;\">En la zona m\u00e1s urbana del pueblo distingo la torre del Ayuntamiento del Concejo con el viejo reloj coronado por la campana y los jardines que rodean el edificio, justo en el centro de este hermoso paisaje a la orilla derecha de la carretera general.<\/p>\n<p style=\"text-align: justify;\">La naturaleza humana, animal y vegetal de las cuatro estaciones del a\u00f1o ponen el colorido, la m\u00fasica y el ambiente, para m\u00ed sugestivos, en la vida de San Salvador de Caba\u00f1aquinta.<\/p>\n","protected":false},"excerpt":{"rendered":"<p>Fotos modernas: Iglesia parroquia de San Salvador de Caba\u00f1inta Ayuntamiento de Aller en Caba\u00f1aquinta, capital del Concejo Vista panor\u00e1mica de la Villa de Caba\u00f1aquinta Vista panor\u00e1mica de San Salvador de Caba\u00f1aquinta en 1919 La plaza de la Villa con la casa de los Quijano en la parte izquierda en 1950 Carrera ciclista durante las fiestas [&#8230;]<\/p>\n","protected":false},"author":1,"featured_media":0,"comment_status":"open","ping_status":"closed","sticky":false,"template":"","format":"standard","meta":{"footnotes":""},"categories":[3],"tags":[],"class_list":["post-153","post","type-post","status-publish","format-standard","hentry","category-general"],"_links":{"self":[{"href":"https:\/\/www.opinioneslibres.es\/anecdotaseironiasdesdecabomayor\/index.php?rest_route=\/wp\/v2\/posts\/153","targetHints":{"allow":["GET"]}}],"collection":[{"href":"https:\/\/www.opinioneslibres.es\/anecdotaseironiasdesdecabomayor\/index.php?rest_route=\/wp\/v2\/posts"}],"about":[{"href":"https:\/\/www.opinioneslibres.es\/anecdotaseironiasdesdecabomayor\/index.php?rest_route=\/wp\/v2\/types\/post"}],"author":[{"embeddable":true,"href":"https:\/\/www.opinioneslibres.es\/anecdotaseironiasdesdecabomayor\/index.php?rest_route=\/wp\/v2\/users\/1"}],"replies":[{"embeddable":true,"href":"https:\/\/www.opinioneslibres.es\/anecdotaseironiasdesdecabomayor\/index.php?rest_route=%2Fwp%2Fv2%2Fcomments&post=153"}],"version-history":[{"count":2,"href":"https:\/\/www.opinioneslibres.es\/anecdotaseironiasdesdecabomayor\/index.php?rest_route=\/wp\/v2\/posts\/153\/revisions"}],"predecessor-version":[{"id":161,"href":"https:\/\/www.opinioneslibres.es\/anecdotaseironiasdesdecabomayor\/index.php?rest_route=\/wp\/v2\/posts\/153\/revisions\/161"}],"wp:attachment":[{"href":"https:\/\/www.opinioneslibres.es\/anecdotaseironiasdesdecabomayor\/index.php?rest_route=%2Fwp%2Fv2%2Fmedia&parent=153"}],"wp:term":[{"taxonomy":"category","embeddable":true,"href":"https:\/\/www.opinioneslibres.es\/anecdotaseironiasdesdecabomayor\/index.php?rest_route=%2Fwp%2Fv2%2Fcategories&post=153"},{"taxonomy":"post_tag","embeddable":true,"href":"https:\/\/www.opinioneslibres.es\/anecdotaseironiasdesdecabomayor\/index.php?rest_route=%2Fwp%2Fv2%2Ftags&post=153"}],"curies":[{"name":"wp","href":"https:\/\/api.w.org\/{rel}","templated":true}]}}