{"id":164,"date":"2012-10-22T06:54:02","date_gmt":"2012-10-22T06:54:02","guid":{"rendered":"https:\/\/www.opinioneslibres.es\/anecdotaseironiasdesdecabomayor\/?p=164"},"modified":"2012-11-13T11:06:45","modified_gmt":"2012-11-13T11:06:45","slug":"vigesima-primera-historia-la-escuela-2-don-jose-hevia-maestro-director-de-la-graduada","status":"publish","type":"post","link":"https:\/\/www.opinioneslibres.es\/anecdotaseironiasdesdecabomayor\/?p=164","title":{"rendered":"Vig\u00e9sima primera historia: La escuela 2. Don Jos\u00e9 Hevia, maestro director de la graduada"},"content":{"rendered":"<p style=\"text-align: center;\"><a href=\"https:\/\/www.opinioneslibres.es\/anecdotaseironiasdesdecabomayor\/wp-content\/uploads\/2012\/10\/alumnos-graduada-502.jpg\"><img loading=\"lazy\" decoding=\"async\" class=\"aligncenter size-medium wp-image-174\" title=\"alumnos graduada 50\" src=\"https:\/\/www.opinioneslibres.es\/anecdotaseironiasdesdecabomayor\/wp-content\/uploads\/2012\/10\/alumnos-graduada-502-300x218.jpg\" alt=\"\" width=\"300\" height=\"218\" srcset=\"https:\/\/www.opinioneslibres.es\/anecdotaseironiasdesdecabomayor\/wp-content\/uploads\/2012\/10\/alumnos-graduada-502-300x218.jpg 300w, https:\/\/www.opinioneslibres.es\/anecdotaseironiasdesdecabomayor\/wp-content\/uploads\/2012\/10\/alumnos-graduada-502-1024x744.jpg 1024w, https:\/\/www.opinioneslibres.es\/anecdotaseironiasdesdecabomayor\/wp-content\/uploads\/2012\/10\/alumnos-graduada-502.jpg 1155w\" sizes=\"auto, (max-width: 300px) 100vw, 300px\" \/><\/a>Alumnos de la Escuela Graduada de Caba\u00f1aquinta 1950<\/p>\n<p style=\"text-align: center;\"><a href=\"https:\/\/www.opinioneslibres.es\/anecdotaseironiasdesdecabomayor\/wp-content\/uploads\/2012\/10\/escuela-de-Cabanaquinta.jpg\"><img loading=\"lazy\" decoding=\"async\" class=\"aligncenter size-medium wp-image-175\" title=\"escuela de Cabanaquinta\" src=\"https:\/\/www.opinioneslibres.es\/anecdotaseironiasdesdecabomayor\/wp-content\/uploads\/2012\/10\/escuela-de-Cabanaquinta-300x201.jpg\" alt=\"\" width=\"300\" height=\"201\" srcset=\"https:\/\/www.opinioneslibres.es\/anecdotaseironiasdesdecabomayor\/wp-content\/uploads\/2012\/10\/escuela-de-Cabanaquinta-300x201.jpg 300w, https:\/\/www.opinioneslibres.es\/anecdotaseironiasdesdecabomayor\/wp-content\/uploads\/2012\/10\/escuela-de-Cabanaquinta-1024x686.jpg 1024w, https:\/\/www.opinioneslibres.es\/anecdotaseironiasdesdecabomayor\/wp-content\/uploads\/2012\/10\/escuela-de-Cabanaquinta.jpg 1055w\" sizes=\"auto, (max-width: 300px) 100vw, 300px\" \/><\/a>Escuela Graduada de Caba\u00f1aquinta 1950<\/p>\n<p style=\"text-align: justify;\">Don Jos\u00e9 era el hombre que marcaba la pauta de la escuela. Ejerc\u00eda el cargo de director de la graduada y representaba a la instituci\u00f3n en la vida p\u00fablica del pueblo. Don Jos\u00e9 llevaba muchos a\u00f1os de maestro y ven\u00eda a ser el decano de todos los maestros de la comarca. Hab\u00eda sido profesor de nuestros padres y era un hombre de edad avanzada, hay que tener en cuenta que en los a\u00f1os cincuenta los maestros se jubilaban a los setenta a\u00f1os. Don Jos\u00e9 era bien parecido, a pesar de la edad. Ten\u00eda el pelo completamente blanco, m\u00e1s grueso que delgado, de estatura media y ten\u00eda una voz con timbre singular, fuerte, porque los domingos en la Iglesia rezaba el rosario en voz alta, cuando todav\u00eda no hab\u00edan instalado altavoces, y se le o\u00eda desde todos los rincones del templo. Vest\u00eda siempre de traje y corbata, con sombrero cl\u00e1sico gris, que utilizaba todos los d\u00edas del a\u00f1o, salvo cuando llov\u00eda o nevaba que lo cambiaba por una boina negra amplia parecida a la que usan los vascos.<!--more-->Los ni\u00f1os de la graduada le ten\u00edamos un gran respeto. Cuidaba de nuestra disciplina, aseo, comportamiento en la clase, en la Iglesia y en el pueblo con el mismo inter\u00e9s que de nuestro trabajo en el estudio. Digo que se encargaba tambi\u00e9n del aseo, porque, cuando lleg\u00e1bamos a la primera hora de clase, pasaba revista a los que \u00e9l entend\u00eda que descuidaban m\u00e1s la limpieza personal. Cuando encontraba a la v\u00edctima, encargaba a Pin y Juan Jos\u00e9, los m\u00e1s despiertos para la picard\u00eda, a que condujeran al pobre descuidado hasta los servicios y lo lavaran a su manera, que siempre consist\u00eda en meter la cabeza debajo del grifo a modo de escarnio. Por los gritos de la v\u00edctima, el maestro entend\u00eda cuando era suficiente el fregoteo.<\/p>\n<p style=\"text-align: justify;\">Don Jos\u00e9 hab\u00eda sido maestro de varias generaciones, era respetado en el pueblo con la misma autoridad que el cura. Ideol\u00f3gicamente era un hombre conservador y dejaba traslucir esta visi\u00f3n, cuando nos hablaba de la historia m\u00e1s reciente. Le gustaba contar pasajes de la reciente guerra civil, as\u00ed como an\u00e9cdotas personales que hab\u00eda vivido durante la contienda.<\/p>\n<p style=\"text-align: justify;\">Narraba, muy impresionado, la fuga protagonizada por el cura del pueblo, don Ram\u00f3n y por \u00e9l mismo, cuando la revoluci\u00f3n de Asturias. El cura sufr\u00eda por aquellos d\u00edas de una gripe poco silenciosa y a pesar de ella permaneci\u00f3 escondido en el desv\u00e1n de la casa rectoral sin que los milicianos, que registraban el resto de los aposentos, se percataran de su presencia. Don Jos\u00e9 atribuy\u00f3 esta repentina cura de don Ram\u00f3n a Nuestra Se\u00f1ora del Rosario, patrona de San Salvador.<\/p>\n<p style=\"text-align: justify;\">Nosotros escuch\u00e1bamos estos relatos con un silencio m\u00e1s propio de clausura de trapenses que de colegio de ni\u00f1os.<\/p>\n<p style=\"text-align: justify;\">De las clases de don Jos\u00e9 recuerdo con principal cari\u00f1o las ense\u00f1anzas de Historia Sagrada que \u00e9l nos le\u00eda en tono solemne de la Biblia que ten\u00eda siempre sobre la mesa. Relataba de una manera especial el pasaje sobre los hijos de Jacob y la venta de su hermano Jos\u00e9 a unos mercaderes de Egipto. Esta clase de Historia Sagrada la impart\u00eda en la primera hora de la tarde y de esa manera hac\u00edamos m\u00e1s f\u00e1cil el silencio de todos nosotros, por el sopor que se produce despu\u00e9s de comer. Don Jos\u00e9 romp\u00eda este silencio de una manera inesperada para llamar a la disciplina a alguno de los alumnos, y de esta manera interrump\u00eda el relato para mantener la atenci\u00f3n del auditorio para la siguiente clase.<\/p>\n<p style=\"text-align: justify;\">Usaba una serie de interjecciones impropias, como can, marc y coria, en su lenguaje pedag\u00f3gico habitual, que s\u00f3lo \u00e9l utilizaba y que jam\u00e1s volv\u00ed a escucharlas. Nosotros las parodi\u00e1bamos en los recreos cuando nos sent\u00edamos lejos de su presencia. Yo creo que las profer\u00eda para evitar otras interjecciones m\u00e1s habituales en el lenguaje vulgar, pero menos apropiadas en la escuela.<\/p>\n","protected":false},"excerpt":{"rendered":"<p>Alumnos de la Escuela Graduada de Caba\u00f1aquinta 1950 Escuela Graduada de Caba\u00f1aquinta 1950 Don Jos\u00e9 era el hombre que marcaba la pauta de la escuela. Ejerc\u00eda el cargo de director de la graduada y representaba a la instituci\u00f3n en la vida p\u00fablica del pueblo. Don Jos\u00e9 llevaba muchos a\u00f1os de maestro y ven\u00eda a ser [&#8230;]<\/p>\n","protected":false},"author":1,"featured_media":0,"comment_status":"open","ping_status":"closed","sticky":false,"template":"","format":"standard","meta":{"footnotes":""},"categories":[1],"tags":[],"class_list":["post-164","post","type-post","status-publish","format-standard","hentry","category-anecdotas"],"_links":{"self":[{"href":"https:\/\/www.opinioneslibres.es\/anecdotaseironiasdesdecabomayor\/index.php?rest_route=\/wp\/v2\/posts\/164","targetHints":{"allow":["GET"]}}],"collection":[{"href":"https:\/\/www.opinioneslibres.es\/anecdotaseironiasdesdecabomayor\/index.php?rest_route=\/wp\/v2\/posts"}],"about":[{"href":"https:\/\/www.opinioneslibres.es\/anecdotaseironiasdesdecabomayor\/index.php?rest_route=\/wp\/v2\/types\/post"}],"author":[{"embeddable":true,"href":"https:\/\/www.opinioneslibres.es\/anecdotaseironiasdesdecabomayor\/index.php?rest_route=\/wp\/v2\/users\/1"}],"replies":[{"embeddable":true,"href":"https:\/\/www.opinioneslibres.es\/anecdotaseironiasdesdecabomayor\/index.php?rest_route=%2Fwp%2Fv2%2Fcomments&post=164"}],"version-history":[{"count":6,"href":"https:\/\/www.opinioneslibres.es\/anecdotaseironiasdesdecabomayor\/index.php?rest_route=\/wp\/v2\/posts\/164\/revisions"}],"predecessor-version":[{"id":167,"href":"https:\/\/www.opinioneslibres.es\/anecdotaseironiasdesdecabomayor\/index.php?rest_route=\/wp\/v2\/posts\/164\/revisions\/167"}],"wp:attachment":[{"href":"https:\/\/www.opinioneslibres.es\/anecdotaseironiasdesdecabomayor\/index.php?rest_route=%2Fwp%2Fv2%2Fmedia&parent=164"}],"wp:term":[{"taxonomy":"category","embeddable":true,"href":"https:\/\/www.opinioneslibres.es\/anecdotaseironiasdesdecabomayor\/index.php?rest_route=%2Fwp%2Fv2%2Fcategories&post=164"},{"taxonomy":"post_tag","embeddable":true,"href":"https:\/\/www.opinioneslibres.es\/anecdotaseironiasdesdecabomayor\/index.php?rest_route=%2Fwp%2Fv2%2Ftags&post=164"}],"curies":[{"name":"wp","href":"https:\/\/api.w.org\/{rel}","templated":true}]}}