{"id":196,"date":"2013-02-07T09:02:14","date_gmt":"2013-02-07T09:02:14","guid":{"rendered":"https:\/\/www.opinioneslibres.es\/anecdotaseironiasdesdecabomayor\/?p=196"},"modified":"2013-02-07T09:02:50","modified_gmt":"2013-02-07T09:02:50","slug":"vigesima-tercera-historia-la-familia-de-los-quijano","status":"publish","type":"post","link":"https:\/\/www.opinioneslibres.es\/anecdotaseironiasdesdecabomayor\/?p=196","title":{"rendered":"Vig\u00e9sima tercera historia. La familia de los Quijano"},"content":{"rendered":"<p style=\"text-align: justify;\"><a href=\"https:\/\/www.opinioneslibres.es\/anecdotaseironiasdesdecabomayor\/wp-content\/uploads\/2013\/02\/image001.jpg\"><img loading=\"lazy\" decoding=\"async\" class=\"aligncenter size-medium wp-image-197\" title=\"image001\" src=\"https:\/\/www.opinioneslibres.es\/anecdotaseironiasdesdecabomayor\/wp-content\/uploads\/2013\/02\/image001-188x300.jpg\" alt=\"\" width=\"188\" height=\"300\" srcset=\"https:\/\/www.opinioneslibres.es\/anecdotaseironiasdesdecabomayor\/wp-content\/uploads\/2013\/02\/image001-188x300.jpg 188w, https:\/\/www.opinioneslibres.es\/anecdotaseironiasdesdecabomayor\/wp-content\/uploads\/2013\/02\/image001.jpg 630w\" sizes=\"auto, (max-width: 188px) 100vw, 188px\" \/><\/a><\/p>\n<p style=\"text-align: justify;\">La familia de los Quijano fue fundamental en estos mis primeros pasos en la doctrina cristiana. Cuando los describ\u00ed al comienzo de mis recuerdos de infancia, ya adelant\u00e9 la fe contagiosa que viv\u00edan, en particular la se\u00f1orita Angelita y la inocencia alegre de su hermano Alvar\u00edn. El personaje de Alvar\u00edn aparece por primera vez, pero est\u00e1 siempre presente cuando hablo de la familia de los Quijano. Alvar\u00edn jugaba conmigo como si de un ni\u00f1o se tratara, llegaba muy cerca de m\u00ed, porque sus explicaciones eran m\u00e1s simples, m\u00e1s inocentes, m\u00e1s infantiles. <!--more-->Ten\u00eda m\u00e1s edad que la se\u00f1orita Angelita, pero le ten\u00eda menos veneraci\u00f3n. Me ense\u00f1aba muchos acertijos, juegos de ni\u00f1os, era un compa\u00f1ero m\u00e1s al que siempre quise y jam\u00e1s olvidar\u00e9. Con el\u00a0 resto de la familia tuve menos trato porque, aunque los conoc\u00ed, se acercaron menos a m\u00ed. La madre, do\u00f1a Fermina la recuerdo muy mayor y vestida siempre de negro con pa\u00f1uelo a la cabeza del mismo color, puesto a modo de moza asturiana, y revolviendo los faricos <a title=\"\" href=\"#_ftn1\">[1]<\/a>en la cocina. Do\u00f1a Fermina escuchaba el coloquio que sosten\u00edamos la se\u00f1orita, Alvar\u00edn y yo, observando por el rabillo del ojo mis ademanes, preguntas y razonamientos. Yo creo que le hac\u00edan mucha gracia mis ocurrencias y presencia, dejando que fueran sus hijos los que respondieran a las preguntas infantiles que yo les planteaba.<\/p>\n<p style=\"text-align: justify;\">La se\u00f1orita Angelita me ense\u00f1aba los pasajes del Antiguo y Nuevo testamento a modo de cuento, pero eran los comentarios de Alvar\u00edn los que luego me iban aclarando las\u00a0 dudas que se me hab\u00edan planteado. Alvar\u00edn jam\u00e1s interrump\u00eda las charlas de su hermana, sino que una vez que hab\u00edamos terminado, yo quedaba jugando con \u00e9l y le preguntaba por los interrogantes que se me quedaban sin resolver. Mis ratos de charla con los dos hermanos eran cada vez m\u00e1s frecuentes. Yo sent\u00eda cada d\u00eda m\u00e1s la necesidad de estar con ellos y, en cuanto pod\u00eda, me escapaba de casa para hablar con mis amigos del primero, tanto que, en los momentos que sent\u00eda alg\u00fan contratiempo, bajaba corriendo a la casa de do\u00f1a Fermina para desahogar las penas.<\/p>\n<p style=\"text-align: justify;\">Lo que pretendo con este relato es poner de manifiesto mi relaci\u00f3n de intimidad, confianza y continuo trato con la se\u00f1orita Angelita y con la familia de do\u00f1a Fermina.<\/p>\n<p style=\"text-align: justify;\">No s\u00f3lo eran las charlas formativas lo que influy\u00f3 en mi de esta familia, sino su ejemplo de vida aut\u00e9nticamente evang\u00e9lica.<\/p>\n<p style=\"text-align: justify;\">Me impresion\u00f3 su reacci\u00f3n cristiana ante la muerte: era una tristeza alegre y llena de esperanza. Fue la primera vez que yo fui consciente de la muerte, cuando muri\u00f3 Raimundo, uno de los hijos de do\u00f1a Fermina. Hab\u00eda un silencio trapense en toda la casa, la se\u00f1orita Angelita me cogi\u00f3 de la mano y me llev\u00f3 hasta la habitaci\u00f3n donde estaba el cuerpo sin vida de su hermano. All\u00ed hab\u00eda mucha gente que yo no conoc\u00eda, nos acercamos y rezamos juntos una oraci\u00f3n. Yo, con los ojos fuera de s\u00ed, no perd\u00eda detalle del cuerpo p\u00e1lido, sereno y yacente de su hermano Raimundo. Luego, ya fuera de la habitaci\u00f3n, me explic\u00f3 que su hermano estaba feliz en el cielo, que santa Teresita del Ni\u00f1o Jes\u00fas dec\u00eda que la muerte era como el sue\u00f1o de un ni\u00f1o en el regazo de la madre y que ya pod\u00eda ir a jugar con mis amigos a la plaza.<\/p>\n<p style=\"text-align: justify;\">La se\u00f1orita Angelita fue siempre la fe hecha vida. Vino a ser mi primera catequista en la educaci\u00f3n de la fe, en la ense\u00f1anza de la doctrina cristiana. Cuando estaba a su lado sent\u00eda la paz de su santidad, la alegr\u00eda de su riqueza interior, la hermosura de su esp\u00edritu, la tranquilidad de su paciencia infinita y las horas a su lado pasaban si darme cuenta. Le rezo como a mi santa preferida. Nunca la olvidar\u00e9 mientras viva y pido a Dios estar muy cerca de ella, porque significar\u00eda que iba a estar muy cerca de \u00c9l.<\/p>\n<p style=\"text-align: justify;\"><a href=\"https:\/\/www.opinioneslibres.es\/anecdotaseironiasdesdecabomayor\/wp-content\/uploads\/2013\/02\/image002.jpg\"><img loading=\"lazy\" decoding=\"async\" class=\"aligncenter size-medium wp-image-198\" title=\"image002\" src=\"https:\/\/www.opinioneslibres.es\/anecdotaseironiasdesdecabomayor\/wp-content\/uploads\/2013\/02\/image002-300x186.jpg\" alt=\"\" width=\"300\" height=\"186\" srcset=\"https:\/\/www.opinioneslibres.es\/anecdotaseironiasdesdecabomayor\/wp-content\/uploads\/2013\/02\/image002-300x186.jpg 300w, https:\/\/www.opinioneslibres.es\/anecdotaseironiasdesdecabomayor\/wp-content\/uploads\/2013\/02\/image002.jpg 860w\" sizes=\"auto, (max-width: 300px) 100vw, 300px\" \/><\/a><\/p>\n<div style=\"text-align: justify;\">\n<hr align=\"left\" size=\"1\" width=\"33%\" \/>\n<div>\n<p><a title=\"\" href=\"#_ftnref1\">[1]<\/a> Faricos, plato t\u00edpico del concejo de Aller que se hac\u00eda con harina de ma\u00edz y leche.<\/p>\n<\/div>\n<\/div>\n","protected":false},"excerpt":{"rendered":"<p>La familia de los Quijano fue fundamental en estos mis primeros pasos en la doctrina cristiana. Cuando los describ\u00ed al comienzo de mis recuerdos de infancia, ya adelant\u00e9 la fe contagiosa que viv\u00edan, en particular la se\u00f1orita Angelita y la inocencia alegre de su hermano Alvar\u00edn. El personaje de Alvar\u00edn aparece por primera vez, pero [&#8230;]<\/p>\n","protected":false},"author":1,"featured_media":0,"comment_status":"open","ping_status":"closed","sticky":false,"template":"","format":"standard","meta":{"footnotes":""},"categories":[1],"tags":[],"class_list":["post-196","post","type-post","status-publish","format-standard","hentry","category-anecdotas"],"_links":{"self":[{"href":"https:\/\/www.opinioneslibres.es\/anecdotaseironiasdesdecabomayor\/index.php?rest_route=\/wp\/v2\/posts\/196","targetHints":{"allow":["GET"]}}],"collection":[{"href":"https:\/\/www.opinioneslibres.es\/anecdotaseironiasdesdecabomayor\/index.php?rest_route=\/wp\/v2\/posts"}],"about":[{"href":"https:\/\/www.opinioneslibres.es\/anecdotaseironiasdesdecabomayor\/index.php?rest_route=\/wp\/v2\/types\/post"}],"author":[{"embeddable":true,"href":"https:\/\/www.opinioneslibres.es\/anecdotaseironiasdesdecabomayor\/index.php?rest_route=\/wp\/v2\/users\/1"}],"replies":[{"embeddable":true,"href":"https:\/\/www.opinioneslibres.es\/anecdotaseironiasdesdecabomayor\/index.php?rest_route=%2Fwp%2Fv2%2Fcomments&post=196"}],"version-history":[{"count":2,"href":"https:\/\/www.opinioneslibres.es\/anecdotaseironiasdesdecabomayor\/index.php?rest_route=\/wp\/v2\/posts\/196\/revisions"}],"predecessor-version":[{"id":200,"href":"https:\/\/www.opinioneslibres.es\/anecdotaseironiasdesdecabomayor\/index.php?rest_route=\/wp\/v2\/posts\/196\/revisions\/200"}],"wp:attachment":[{"href":"https:\/\/www.opinioneslibres.es\/anecdotaseironiasdesdecabomayor\/index.php?rest_route=%2Fwp%2Fv2%2Fmedia&parent=196"}],"wp:term":[{"taxonomy":"category","embeddable":true,"href":"https:\/\/www.opinioneslibres.es\/anecdotaseironiasdesdecabomayor\/index.php?rest_route=%2Fwp%2Fv2%2Fcategories&post=196"},{"taxonomy":"post_tag","embeddable":true,"href":"https:\/\/www.opinioneslibres.es\/anecdotaseironiasdesdecabomayor\/index.php?rest_route=%2Fwp%2Fv2%2Ftags&post=196"}],"curies":[{"name":"wp","href":"https:\/\/api.w.org\/{rel}","templated":true}]}}