{"id":204,"date":"2013-04-17T10:41:09","date_gmt":"2013-04-17T10:41:09","guid":{"rendered":"https:\/\/www.opinioneslibres.es\/anecdotaseironiasdesdecabomayor\/?p=204"},"modified":"2013-04-17T10:41:09","modified_gmt":"2013-04-17T10:41:09","slug":"vigesima-cuarta-historia-mercedes-garcia-la-de-petimale","status":"publish","type":"post","link":"https:\/\/www.opinioneslibres.es\/anecdotaseironiasdesdecabomayor\/?p=204","title":{"rendered":"Vig\u00e9sima cuarta historia. Mercedes Garc\u00eda la de Petimale"},"content":{"rendered":"<p style=\"text-align: center;\"><a href=\"https:\/\/www.opinioneslibres.es\/anecdotaseironiasdesdecabomayor\/wp-content\/uploads\/2013\/04\/mercedes.jpg\"><img loading=\"lazy\" decoding=\"async\" class=\"aligncenter size-medium wp-image-205\" title=\"mercedes\" src=\"https:\/\/www.opinioneslibres.es\/anecdotaseironiasdesdecabomayor\/wp-content\/uploads\/2013\/04\/mercedes-225x300.jpg\" alt=\"\" width=\"225\" height=\"300\" srcset=\"https:\/\/www.opinioneslibres.es\/anecdotaseironiasdesdecabomayor\/wp-content\/uploads\/2013\/04\/mercedes-225x300.jpg 225w, https:\/\/www.opinioneslibres.es\/anecdotaseironiasdesdecabomayor\/wp-content\/uploads\/2013\/04\/mercedes.jpg 426w\" sizes=\"auto, (max-width: 225px) 100vw, 225px\" \/><\/a>Mercedes Garc\u00eda Garc\u00eda (1876-1965)<\/p>\n<p style=\"text-align: justify;\"><a href=\"https:\/\/www.opinioneslibres.es\/anecdotaseironiasdesdecabomayor\/wp-content\/uploads\/2013\/04\/mercedes.jpg\"><br \/>\n<\/a>La familia de los Petimal\u00e9 es una de las familias llamativas del pueblo. La figura de Mercedes la panadera sobresale de una manera se\u00f1era. Mercedes nace en Caba\u00f1aquinta en el a\u00f1o1876, era hija de Xuan\u00edn, el alcalde que traslad\u00f3 el Ayuntamiento de Aller desde Collanzo a Caba\u00f1aquinta, personaje que ya cit\u00e9 al hablar de Xuan\u00f3n. Mercedes es una mujer sencilla, simp\u00e1tica, ocurrente, caritativa por naturaleza con los desamparados, tanto los hu\u00e9rfanos de la guerra, ya que estamos en los a\u00f1os de la posguerra, como con los disminuidos ps\u00edquicos; los pobres de esp\u00edritu del pueblo. Era una mujer trabajadora y desprendida.<!--more--><\/p>\n<p style=\"text-align: justify;\">En el pueblo era muy querida por todos, sin excepci\u00f3n ideol\u00f3gica, pero de una manera especial por los de clase m\u00e1s humilde.<\/p>\n<p style=\"text-align: justify;\">Mercedes cuando era m\u00e1s joven repart\u00eda el pan, que elaboraba su marido Manuel por las noches. Sal\u00eda de madrugada al reparto por los pueblos vecinos de San Salvador con su carro de caballo. Como era muy alegre sol\u00eda ir cantando sentada en el pescante del carro. Ten\u00eda la voz agraciada para el canto y entonaba bien las canciones alleranas, con ellas\u00a0 lleg\u00f3 a presentarse a los concursos de canci\u00f3n asturiana de Gij\u00f3n y de Oviedo. Como ganadora del concurso de la canci\u00f3n asturiana de Gij\u00f3n grab\u00f3 un disco con las canciones m\u00e1s sobresalientes.<\/p>\n<p style=\"text-align: justify;\">Aparece como cantante popular asturiana en el cancionero de Torner. Distingue Torner la canci\u00f3n de empleo indeterminado n\u00ba 166 y canci\u00f3n de cuna n\u00ba373 de Mercedes Garc\u00eda Garc\u00eda, de Caba\u00f1auinta, Ayuntamiento de Aller.<\/p>\n<p style=\"text-align: justify;\">\n<p style=\"text-align: justify;\"><strong>Canci\u00f3n 166<\/strong><\/p>\n<p style=\"text-align: justify;\">\u00a0\u00a0\u00a0\u00a0\u00a0\u00a0\u00a0\u00a0\u00a0\u00a0\u00a0 Si quieres la buena vara, (bis)<\/p>\n<p style=\"text-align: justify;\">\u00a0\u00a0\u00a0\u00a0\u00a0\u00a0\u00a0\u00a0\u00a0\u00a0\u00a0 C\u00f3rtala con el buen salg\u00fcero, (bis)<\/p>\n<p style=\"text-align: justify;\">\u00a0\u00a0\u00a0\u00a0\u00a0\u00a0\u00a0\u00a0\u00a0\u00a0\u00a0 Si quieres la buena moza,<\/p>\n<p style=\"text-align: justify;\">\u00a0\u00a0\u00a0\u00a0\u00a0\u00a0\u00a0\u00a0\u00a0\u00a0\u00a0 \u00c9chai el g\u00fceyu primeru.<\/p>\n<p style=\"text-align: justify;\"><strong>\u00a0<\/strong><\/p>\n<p style=\"text-align: justify;\"><strong>Canci\u00f3n 373<\/strong><\/p>\n<p style=\"text-align: justify;\"><strong>\u00a0\u00a0\u00a0\u00a0\u00a0\u00a0\u00a0\u00a0\u00a0\u00a0\u00a0 <\/strong>El que est\u00e1 a la puerta<\/p>\n<p style=\"text-align: justify;\">\u00a0\u00a0\u00a0\u00a0\u00a0\u00a0\u00a0\u00a0\u00a0\u00a0\u00a0 Que vuelva ma\u00f1ana,<\/p>\n<p style=\"text-align: justify;\">\u00a0\u00a0\u00a0\u00a0\u00a0\u00a0\u00a0\u00a0\u00a0\u00a0\u00a0 Que el padre del ne\u00f1u<\/p>\n<p style=\"text-align: justify;\">\u00a0\u00a0\u00a0\u00a0\u00a0\u00a0\u00a0\u00a0\u00a0\u00a0\u00a0 Non fue a la monta\u00f1a.<\/p>\n<p style=\"text-align: justify;\">\u00a0\u00a0\u00a0\u00a0\u00a0\u00a0\u00a0\u00a0\u00a0\u00a0\u00a0 Ea, mio ne\u00f1\u00edn,<\/p>\n<p style=\"text-align: justify;\">\u00a0\u00a0\u00a0\u00a0\u00a0\u00a0\u00a0\u00a0\u00a0\u00a0\u00a0 Agora non,<\/p>\n<p style=\"text-align: justify;\">\u00a0\u00a0\u00a0\u00a0\u00a0\u00a0\u00a0\u00a0\u00a0\u00a0\u00a0 Ea, mio ne\u00f1\u00edn,<\/p>\n<p style=\"text-align: justify;\">\u00a0\u00a0\u00a0\u00a0\u00a0\u00a0\u00a0\u00a0\u00a0\u00a0\u00a0 Que est\u00e1 el pap\u00f3n.<\/p>\n<p style=\"text-align: justify;\">\u00a0\u00a0\u00a0\u00a0\u00a0\u00a0\u00a0\u00a0\u00a0\u00a0\u00a0 El que est\u00e1 a la puerta<\/p>\n<p style=\"text-align: justify;\">\u00a0\u00a0\u00a0\u00a0\u00a0\u00a0\u00a0\u00a0\u00a0\u00a0\u00a0 Que non entre agora,<\/p>\n<p style=\"text-align: justify;\">\u00a0\u00a0\u00a0\u00a0\u00a0\u00a0\u00a0\u00a0\u00a0\u00a0\u00a0 Que est\u00e1 el padre en casa<\/p>\n<p style=\"text-align: justify;\">\u00a0\u00a0\u00a0\u00a0\u00a0\u00a0\u00a0\u00a0\u00a0\u00a0\u00a0 del ne\u00f1u que llora.<\/p>\n<p style=\"text-align: justify;\">\u00a0\u00a0\u00a0\u00a0\u00a0\u00a0\u00a0\u00a0\u00a0\u00a0\u00a0 Ea, mio ne\u00f1\u00edn,<\/p>\n<p style=\"text-align: justify;\">\u00a0\u00a0\u00a0\u00a0\u00a0\u00a0\u00a0\u00a0\u00a0\u00a0\u00a0 Que est\u00e1 el pap\u00f3n.<\/p>\n<p style=\"text-align: justify;\">\u00a0\u00a0\u00a0\u00a0\u00a0\u00a0\u00a0\u00a0\u00a0\u00a0\u00a0 V\u00e1lgante mil diablos,<\/p>\n<p style=\"text-align: justify;\">\u00a0\u00a0\u00a0\u00a0\u00a0\u00a0\u00a0\u00a0\u00a0\u00a0\u00a0 Que mal entend\u00e9is:<\/p>\n<p style=\"text-align: justify;\">\u00a0\u00a0\u00a0\u00a0\u00a0\u00a0\u00a0\u00a0\u00a0\u00a0\u00a0 Ea, mio ne\u00f1\u00edn,<\/p>\n<p style=\"text-align: justify;\">\u00a0\u00a0\u00a0\u00a0\u00a0\u00a0\u00a0\u00a0\u00a0\u00a0\u00a0 Agora non,<\/p>\n<p style=\"text-align: justify;\">\u00a0\u00a0\u00a0\u00a0\u00a0\u00a0\u00a0\u00a0\u00a0\u00a0\u00a0 Ea, mio ne\u00f1\u00edn,<\/p>\n<p style=\"text-align: justify;\">\u00a0\u00a0\u00a0\u00a0\u00a0\u00a0\u00a0\u00a0\u00a0\u00a0\u00a0 Que est\u00e1 el pap\u00f3n.<\/p>\n<p style=\"text-align: justify;\">\n<p style=\"text-align: justify;\">Pepe es el nieto que mejor conoce y reproduce las canciones de la abuela Mercedes, de ni\u00f1o se form\u00f3 en la Escolan\u00eda de Covadonga y sobresal\u00eda como solista en las actuaciones p\u00fablicas de coro infantil. \u00c9l dice que la canci\u00f3n m\u00e1s representativa de la abuela Mercedes era la de:<\/p>\n<p style=\"text-align: justify;\">\n<p style=\"text-align: justify;\">\u00a0\u00a0\u00a0\u00a0\u00a0\u00a0\u00a0\u00a0\u00a0\u00a0\u00a0 \u00a0\u201cDonde vas a dar agua mozo de bueyes<\/p>\n<p style=\"text-align: justify;\">\u00a0\u00a0\u00a0\u00a0\u00a0\u00a0\u00a0\u00a0\u00a0\u00a0\u00a0 Que desde mio casa siento los cascabeles<\/p>\n<p style=\"text-align: justify;\">\u00a0\u00a0\u00a0\u00a0\u00a0\u00a0\u00a0\u00a0\u00a0\u00a0\u00a0 Si desde mio casa sientes el paso de mi carreta<\/p>\n<p style=\"text-align: justify;\">\u00a0\u00a0\u00a0\u00a0\u00a0\u00a0\u00a0\u00a0\u00a0\u00a0\u00a0 As\u00f3mate a la ventana y ponte a la rexa\u2026.<\/p>\n<p style=\"text-align: justify;\">\n<p style=\"text-align: justify;\">Dice Pepe que es una canci\u00f3n muy bonita, un ejemplo singular de la canci\u00f3n allerana, una tonada suave, sin estridencias, con muchas vueltas y muy dif\u00edcil de interpretar para los que no son de la zona.<\/p>\n<p style=\"text-align: justify;\">\n<p style=\"text-align: justify;\">La casa de Mercedes, la de Petimal\u00e9, era lugar de encuentro y tertulia diaria de las gentes del pueblo, as\u00ed como de los visitantes que por cualquier motivo se acercaban a San Salvador, bien fueran viajantes, funcionarios, guardias civiles o maestros.<\/p>\n<p style=\"text-align: justify;\">Precisamente por hospedar a los forasteros en su casa, dio lugar al nombre de Petimal\u00e9 en referencia al gran hotel Mal\u00e9 de Gij\u00f3n. La fonda de Mercedes la panadera ven\u00eda a ser el peque\u00f1o hotel Mal\u00e9. Este apodo fue asimilado por los familiares de Mercedes, amigos, vecinos, clientes, en definitiva m\u00e1s conocido que su propio apellido en toda la comarca.<\/p>\n<p style=\"text-align: justify;\">En esta peque\u00f1a casa de la Troya se dieron multitud de an\u00e9cdotas en mi vida de infancia. Era una casa donde todos los nietos nos sent\u00edamos bien y visit\u00e1bamos diariamente.<\/p>\n<p style=\"text-align: justify;\">Conservo la imagen de la abuela Mercedes, que era delgada, alta, de tez blanca, con el pelo gris, recogido formando un mo\u00f1o en la parte de atr\u00e1s de la cabeza, con el vestido negro hasta los tobillos y un delantal del mismo color. La veo recorriendo las calles de San Salvador con dos calderos, uno en cada mano, en los que llevaba la comida a los cerdos de engorde que ella misma cuidaba. Es una imagen viva y un recuerdo claro en mi memoria, lo mismo que su cari\u00f1o y simpat\u00eda.<\/p>\n<p style=\"text-align: justify;\">La caridad para con los m\u00e1s necesitados, la llev\u00f3 hasta las \u00faltimas consecuencias. Recogi\u00f3 en su propia casa a algunos ni\u00f1os hu\u00e9rfanos de la guerra civil hasta que se valieron por si solos, luego, a los que quisieron, les dio trabajo y jam\u00e1s les falt\u00f3 su cari\u00f1o y apoyo. Tambi\u00e9n daba trabajo en labores de campo a los hermanos Foyaca, como pretexto para que comieran, en una peque\u00f1a huerta que ten\u00eda cerca de la estaci\u00f3n de ferrocarril. Los hermanos Foyaca eran dos pobres de esp\u00edritu que viv\u00edan en una zona de la Vallina que llevaba este nombre.<\/p>\n<p style=\"text-align: justify;\">Los hermanos Foyaca, Pepe y Feliciano eran famosos y queridos en el pueblo. Pepe era el m\u00e1s simp\u00e1tico de los dos y entre sus habilidades estaba la de tocar la gaita asturiana. Esta afici\u00f3n le llev\u00f3 a sufrir alguna que otra broma de los mozos del pueblo. Su inteligencia infantil y preguntona creaba m\u00e1s de una situaci\u00f3n de hilaridad.<\/p>\n<p style=\"text-align: justify;\">La casa de la abuela Mercedes era de los pocos hogares del pueblo que ten\u00edan aparato de radio, era este un instrumento que tra\u00eda a mal traer a Pepe Foyaca y al primero que encontraba de confianza le preguntaba:<\/p>\n<p style=\"text-align: justify;\">&#8211; \u00bfQu\u00e9 hay en esi cusu que habla, canta y toca?<\/p>\n<p style=\"text-align: justify;\">Aparec\u00eda siempre la socarroner\u00eda y el ingenio en la respuesta, a modo de escarnio, por parte de alguno de los mozos que siempre estaban al acecho. Quiero relatar la que yo escuch\u00e9 en esa ocasi\u00f3n, por simp\u00e1tica, sin descubrir al gracioso ocurrente. D\u00edjole as\u00ed:<\/p>\n<p style=\"text-align: justify;\">&#8211; Dentro del aparato de radio existen tres clases de diminutos seres, hominos, homacos y homacayacos. Los hominos son los que hablan, los homacos los que cantan y los homacayacos los que tocan.<\/p>\n<p style=\"text-align: justify;\">Con esta cient\u00edfica respuesta despachaba al bueno de Pepe Foyaca para que llegara con nuevas preguntas y hubiera nueva concurrencia. Lo importante es que los hermanos Foyaca encontraron siempre el cari\u00f1o y el pan en la casa de la abuela Mercedes.<\/p>\n","protected":false},"excerpt":{"rendered":"<p>Mercedes Garc\u00eda Garc\u00eda (1876-1965) La familia de los Petimal\u00e9 es una de las familias llamativas del pueblo. La figura de Mercedes la panadera sobresale de una manera se\u00f1era. Mercedes nace en Caba\u00f1aquinta en el a\u00f1o1876, era hija de Xuan\u00edn, el alcalde que traslad\u00f3 el Ayuntamiento de Aller desde Collanzo a Caba\u00f1aquinta, personaje que ya cit\u00e9 [&#8230;]<\/p>\n","protected":false},"author":2,"featured_media":0,"comment_status":"open","ping_status":"closed","sticky":false,"template":"","format":"standard","meta":{"footnotes":""},"categories":[1],"tags":[],"class_list":["post-204","post","type-post","status-publish","format-standard","hentry","category-anecdotas"],"_links":{"self":[{"href":"https:\/\/www.opinioneslibres.es\/anecdotaseironiasdesdecabomayor\/index.php?rest_route=\/wp\/v2\/posts\/204","targetHints":{"allow":["GET"]}}],"collection":[{"href":"https:\/\/www.opinioneslibres.es\/anecdotaseironiasdesdecabomayor\/index.php?rest_route=\/wp\/v2\/posts"}],"about":[{"href":"https:\/\/www.opinioneslibres.es\/anecdotaseironiasdesdecabomayor\/index.php?rest_route=\/wp\/v2\/types\/post"}],"author":[{"embeddable":true,"href":"https:\/\/www.opinioneslibres.es\/anecdotaseironiasdesdecabomayor\/index.php?rest_route=\/wp\/v2\/users\/2"}],"replies":[{"embeddable":true,"href":"https:\/\/www.opinioneslibres.es\/anecdotaseironiasdesdecabomayor\/index.php?rest_route=%2Fwp%2Fv2%2Fcomments&post=204"}],"version-history":[{"count":3,"href":"https:\/\/www.opinioneslibres.es\/anecdotaseironiasdesdecabomayor\/index.php?rest_route=\/wp\/v2\/posts\/204\/revisions"}],"predecessor-version":[{"id":208,"href":"https:\/\/www.opinioneslibres.es\/anecdotaseironiasdesdecabomayor\/index.php?rest_route=\/wp\/v2\/posts\/204\/revisions\/208"}],"wp:attachment":[{"href":"https:\/\/www.opinioneslibres.es\/anecdotaseironiasdesdecabomayor\/index.php?rest_route=%2Fwp%2Fv2%2Fmedia&parent=204"}],"wp:term":[{"taxonomy":"category","embeddable":true,"href":"https:\/\/www.opinioneslibres.es\/anecdotaseironiasdesdecabomayor\/index.php?rest_route=%2Fwp%2Fv2%2Fcategories&post=204"},{"taxonomy":"post_tag","embeddable":true,"href":"https:\/\/www.opinioneslibres.es\/anecdotaseironiasdesdecabomayor\/index.php?rest_route=%2Fwp%2Fv2%2Ftags&post=204"}],"curies":[{"name":"wp","href":"https:\/\/api.w.org\/{rel}","templated":true}]}}