{"id":215,"date":"2013-09-02T08:33:22","date_gmt":"2013-09-02T08:33:22","guid":{"rendered":"https:\/\/www.opinioneslibres.es\/anecdotaseironiasdesdecabomayor\/?p=215"},"modified":"2013-09-02T08:33:29","modified_gmt":"2013-09-02T08:33:29","slug":"vigesima-sexta-historia-canoron-el-ferraor","status":"publish","type":"post","link":"https:\/\/www.opinioneslibres.es\/anecdotaseironiasdesdecabomayor\/?p=215","title":{"rendered":"VIG\u00c9SIMA SEXTA HISTORIA &#8211; CANOR\u00d3N EL FERRAOR"},"content":{"rendered":"<p><a href=\"https:\/\/www.opinioneslibres.es\/anecdotaseironiasdesdecabomayor\/wp-content\/uploads\/2013\/09\/CANORON.jpg\"><img loading=\"lazy\" decoding=\"async\" class=\"aligncenter size-medium wp-image-217\" title=\"CANORON\" src=\"https:\/\/www.opinioneslibres.es\/anecdotaseironiasdesdecabomayor\/wp-content\/uploads\/2013\/09\/CANORON-205x300.jpg\" alt=\"\" width=\"205\" height=\"300\" srcset=\"https:\/\/www.opinioneslibres.es\/anecdotaseironiasdesdecabomayor\/wp-content\/uploads\/2013\/09\/CANORON-205x300.jpg 205w, https:\/\/www.opinioneslibres.es\/anecdotaseironiasdesdecabomayor\/wp-content\/uploads\/2013\/09\/CANORON.jpg 426w\" sizes=\"auto, (max-width: 205px) 100vw, 205px\" \/><\/a>Canor\u00f3n el ferraor es uno de los personajes que forma parte del retablo hist\u00f3rico de San Salvador, digo hist\u00f3rico porque aparece a trav\u00e9s de la tradici\u00f3n oral de las gentes del pueblo. Lo apodaban el ferraor porque ejerc\u00eda en el pueblo el oficio de herrero, pero a estos relatos se acerca por las caracter\u00edsticas\u00a0 de su mezquina personalidad m\u00e1s que por el oficio que ejerc\u00eda.<!--more--><\/p>\n<p>Tuve referencias de su existencia y de su catadura moral a trav\u00e9s de las gentes del pueblo y de la familia de los Petimal\u00e9. Ellos hab\u00edan tenido con Canor\u00f3n una mala experiencia por culpa de la envidia, la avaricia y la informalidad a la palabra dada del protagonista de estas historias.<\/p>\n<p>Manuel y Mercedes, los Petimal\u00e9, trabajaban una peque\u00f1a tahona, fabricaban el pan, lo repart\u00edan en San Salvador y en la parte alta del concejo de Aller. Cuando ya hab\u00edan cosechado una buena clientela, pensaron que era un buen momento para hacer compatible a la venta del pan con la del vino y de esta manera aprovechaban la poca infraestructura de la tahona.<\/p>\n<p>Los Petimal\u00e9 hablaron con Canor\u00f3n, el ferraor, porque ten\u00eda un bajo desocupado y abandonado, puerta con puerta con la panader\u00eda, pensaron que era el lugar ideal para montar el almac\u00e9n de vinos. Concertaron de palabra una renta, sellaron de hecho y cumplieron lo pactado durante tres a\u00f1os. Los ojos de envidia de Canor\u00f3n , el ferraor, lo llevaron o romper la palabra dada, sobre todo cuando vio que el joven matrimonio de los Petimal\u00e9 aumentaba las ventas del pan y del vino. Fue entonces cuando Canor\u00f3n comunic\u00f3 a Manuel, el panadero, que ten\u00eda que dejar el local porque lo necesitaba \u00e9l para montar un negocio. Manuel sab\u00eda que las intenciones de Canor\u00f3n buscaban quedarse con el nuevo negocio de la venta de vino, porque no hab\u00eda otro local disponible en todo el pueblo. Manuel sac\u00f3 todas las pertenencias que ten\u00eda, limpi\u00f3 el local y antes de marchar pint\u00f3 con alquitr\u00e1n en la pared m\u00e1s visible la calavera con los dos huesos cruzados debajo de ella con la siguiente inscripci\u00f3n:<\/p>\n<p>Mem\u00e9nto, homo, quia pulvis es, et in pulverem reverteris.<\/p>\n<p>( Acu\u00e9rdate de que eres polvo, y has de volver al polvo. )<\/p>\n<p>Con este epitafio, tomado de las palabras para el ritual de la imposici\u00f3n de la ceniza el primer d\u00eda de cuaresma, termin\u00f3 para siempre la relaci\u00f3n de los Petimal\u00e9 con Canor\u00f3n, el ferraor.<\/p>\n<p>Adem\u00e1s de las virtudes se\u00f1aladas Canor\u00f3n era un personaje raro, brusco, ego\u00edsta y hura\u00f1o, desconoc\u00eda lo que eran los sentimientos tanto para los suyos como las dem\u00e1s gentes del pueblo. No se tiene constancia en el pueblo que tuviera alguna manifestaci\u00f3n en este sentido con ninguno de sus hijos, a pesar de lo respetuosos que\u00a0 \u00e9stos eran con su padre.<\/p>\n<p>Pep\u00f3n era el segundo hijo de Canor\u00f3n, el ferraor, hab\u00eda emigrado a la Argentina, m\u00e1s por el cari\u00f1o que ten\u00eda en casa que por la falta de medios de la familia. Despu\u00e9s de veinte a\u00f1os en Am\u00e9rica lleg\u00f3 a casa justo cuando su padre acababa de salir con el carro a repartir los pellejos de vino por la comarca. Candelas, al ver a su hermano lo abraz\u00f3 e instintivamente sali\u00f3 corriendo a buscar a su padre para comunicarle la buena noticia. El ruido de las ruedas del carro y los cascabeles del caballo no dejaban o\u00edr a Canor\u00f3n la voz de su hija que gritando lo llamaba:<\/p>\n<p>&#8211;\u00a0\u00a0\u00a0\u00a0\u00a0\u00a0 \u00a1 Padre \u00a1\u00a0 \u00a1 Padre \u00a1\u00a0 &#8230;<\/p>\n<p>Cuando Canor\u00f3n la vio a su altura dijo:<\/p>\n<p>&#8211;\u00a0\u00a0\u00a0\u00a0\u00a0\u00a0 \u00a1 Sooooo \u00a1<\/p>\n<p>Ella muy emocionada le habl\u00f3:<\/p>\n<p>&#8211;\u00a0\u00a0\u00a0\u00a0\u00a0\u00a0 \u00a1 Vino Pep\u00f3n de la Argentina \u00a1.<\/p>\n<p>Con desprecio y mientras agitaba las bridas del caballo dijo:<\/p>\n<p>&#8211;\u00a0\u00a0\u00a0\u00a0\u00a0\u00a0 \u00a1 Arre , caballo \u00a1.<\/p>\n<p>Esta fue toda la alegr\u00eda que Canor\u00f3n demostr\u00f3 por la noticia de la llegada de\u00a0 su hijo de las Am\u00e9ricas.<\/p>\n<p>Pero c\u00f3mo se iba a extra\u00f1ar Candelas, la pobre, de la expresividad y del cari\u00f1o de su padre. Ella hab\u00eda sufrido en sus propias carnes la indiferencia y la verg\u00fcenza ante todo el pueblo.<\/p>\n<p>Candelas, la hija de Canor\u00f3n se iba a casar con un muchacho de Quir\u00f3s y cuando ya ten\u00edan todos los preparativos para la boda, eligieron el d\u00eda para la ceremonia en la iglesia de San Salvador. Lleg\u00f3 el d\u00eda se\u00f1alado para los esponsales y se dirigieron todos los invitados camino de la iglesia detr\u00e1s de la novia. Cuando llegaron vieron que el novio no estaba esper\u00e1ndola a la puerta de la iglesia, como era costumbre. Todos los invitados pensaron que era un simple retraso de la comitiva del novio, pero pas\u00f3 el tiempo y a las dos horas Canor\u00f3n se dirigi\u00f3 a su hija con estas consoladoras palabras:<\/p>\n<p>&#8211; Vete pa casa y quita los trapos.<\/p>\n","protected":false},"excerpt":{"rendered":"<p>Canor\u00f3n el ferraor es uno de los personajes que forma parte del retablo hist\u00f3rico de San Salvador, digo hist\u00f3rico porque aparece a trav\u00e9s de la tradici\u00f3n oral de las gentes del pueblo. Lo apodaban el ferraor porque ejerc\u00eda en el pueblo el oficio de herrero, pero a estos relatos se acerca por las caracter\u00edsticas\u00a0 de [&#8230;]<\/p>\n","protected":false},"author":2,"featured_media":0,"comment_status":"open","ping_status":"closed","sticky":false,"template":"","format":"standard","meta":{"footnotes":""},"categories":[1],"tags":[],"class_list":["post-215","post","type-post","status-publish","format-standard","hentry","category-anecdotas"],"_links":{"self":[{"href":"https:\/\/www.opinioneslibres.es\/anecdotaseironiasdesdecabomayor\/index.php?rest_route=\/wp\/v2\/posts\/215","targetHints":{"allow":["GET"]}}],"collection":[{"href":"https:\/\/www.opinioneslibres.es\/anecdotaseironiasdesdecabomayor\/index.php?rest_route=\/wp\/v2\/posts"}],"about":[{"href":"https:\/\/www.opinioneslibres.es\/anecdotaseironiasdesdecabomayor\/index.php?rest_route=\/wp\/v2\/types\/post"}],"author":[{"embeddable":true,"href":"https:\/\/www.opinioneslibres.es\/anecdotaseironiasdesdecabomayor\/index.php?rest_route=\/wp\/v2\/users\/2"}],"replies":[{"embeddable":true,"href":"https:\/\/www.opinioneslibres.es\/anecdotaseironiasdesdecabomayor\/index.php?rest_route=%2Fwp%2Fv2%2Fcomments&post=215"}],"version-history":[{"count":4,"href":"https:\/\/www.opinioneslibres.es\/anecdotaseironiasdesdecabomayor\/index.php?rest_route=\/wp\/v2\/posts\/215\/revisions"}],"predecessor-version":[{"id":221,"href":"https:\/\/www.opinioneslibres.es\/anecdotaseironiasdesdecabomayor\/index.php?rest_route=\/wp\/v2\/posts\/215\/revisions\/221"}],"wp:attachment":[{"href":"https:\/\/www.opinioneslibres.es\/anecdotaseironiasdesdecabomayor\/index.php?rest_route=%2Fwp%2Fv2%2Fmedia&parent=215"}],"wp:term":[{"taxonomy":"category","embeddable":true,"href":"https:\/\/www.opinioneslibres.es\/anecdotaseironiasdesdecabomayor\/index.php?rest_route=%2Fwp%2Fv2%2Fcategories&post=215"},{"taxonomy":"post_tag","embeddable":true,"href":"https:\/\/www.opinioneslibres.es\/anecdotaseironiasdesdecabomayor\/index.php?rest_route=%2Fwp%2Fv2%2Ftags&post=215"}],"curies":[{"name":"wp","href":"https:\/\/api.w.org\/{rel}","templated":true}]}}