{"id":233,"date":"2014-01-27T09:19:17","date_gmt":"2014-01-27T09:19:17","guid":{"rendered":"https:\/\/www.opinioneslibres.es\/anecdotaseironiasdesdecabomayor\/?p=233"},"modified":"2014-01-27T09:20:26","modified_gmt":"2014-01-27T09:20:26","slug":"vigesima-novena-historia-tudela-de-agueria","status":"publish","type":"post","link":"https:\/\/www.opinioneslibres.es\/anecdotaseironiasdesdecabomayor\/?p=233","title":{"rendered":"VIG\u00c9SIMA NOVENA HISTORIA &#8211; TUDELA DE AG\u00dcER\u00cdA"},"content":{"rendered":"<div id=\"attachment_235\" style=\"width: 310px\" class=\"wp-caption aligncenter\"><a href=\"https:\/\/www.opinioneslibres.es\/anecdotaseironiasdesdecabomayor\/wp-content\/uploads\/2014\/01\/IGLESIA.jpg\"><img loading=\"lazy\" decoding=\"async\" aria-describedby=\"caption-attachment-235\" class=\"size-medium wp-image-235\" title=\"Iglesia Parroquial de Tudela de Ag\u00fceria\" src=\"https:\/\/www.opinioneslibres.es\/anecdotaseironiasdesdecabomayor\/wp-content\/uploads\/2014\/01\/IGLESIA-300x227.jpg\" alt=\"Iglesia Parroquial de Tudela de Ag\u00fceria\" width=\"300\" height=\"227\" srcset=\"https:\/\/www.opinioneslibres.es\/anecdotaseironiasdesdecabomayor\/wp-content\/uploads\/2014\/01\/IGLESIA-300x227.jpg 300w, https:\/\/www.opinioneslibres.es\/anecdotaseironiasdesdecabomayor\/wp-content\/uploads\/2014\/01\/IGLESIA.jpg 426w\" sizes=\"auto, (max-width: 300px) 100vw, 300px\" \/><\/a><p id=\"caption-attachment-235\" class=\"wp-caption-text\">Iglesia Parroquial de Tudela de Ag\u00fceria<\/p><\/div>\n<p style=\"text-align: left;\">Mi madre fue una mujer muy integrada en la familia y en el pueblo de Tudela. Quiso siempre que sus hijos tuvieran el mismo apego por los suyos y por el lugar donde naci\u00f3 y vivi\u00f3 su infancia y juventud. Continuamente nos relataba las costumbres, las fiestas y los personajes m\u00e1s sobresalientes de la aldea. Me parec\u00eda haber vivido con ella cada uno de los pasajes anecd\u00f3ticos que nos contaba. No s\u00f3lo fueron esta transmisi\u00f3n oral la que nos uni\u00f3 con la familia de Tudela, sino tambi\u00e9n el trato frecuente con ellos en las muchas visitas que hac\u00edamos a la casa de los abuelos.<!--more--><\/p>\n<p>Tengo un recuerdo muy alegre de los m\u00faltiples viajes, as\u00ed como de las temporadas que pas\u00e9 en Tudela.<\/p>\n<p>Los viajes resultaban, en cierta manera, un poco aventureros por las circunstancias del modo de transporte, as\u00ed como por la carretera tortuosa que nos llevaba desde San Salvador. No podemos olvidar que estamos en los a\u00f1os cuarenta y que padec\u00edamos una enorme carencia de las cosas m\u00e1s elementales. Este d\u00e9ficit era m\u00e1s grande en el aspecto t\u00e9cnico y de una manera especial en el mundo del autom\u00f3vil.<\/p>\n<p>Los Petimal\u00e9 dispon\u00edan de dos furgonetas para reparto diario del pan. Una de ellas era la t\u00edpica furgoneta americana de los a\u00f1os treinta, que hab\u00eda venido de segunda mano y con retraso a Espa\u00f1a. Era un coche \u00fanico en el pueblo y en la comarca. Nos sent\u00edamos, como ni\u00f1os que \u00e9ramos, orgullosos de esta adquisici\u00f3n que hab\u00eda hecho la familia. El coche rubia<a title=\"\" href=\"#_ftn1\">[1]<\/a>ten\u00eda el cap\u00f3 y el techo de chapa pintada, el resto era de madera barnizada con ventanas acristaladas a ambos lados. La parte de atr\u00e1s era recta, con dos puertas que se abr\u00edan hacia fuera, de la misma madera y forma acristalada que los laterales. Ten\u00eda tres filas de asientos, era muy amplia y resultaba c\u00f3moda cuando no iba excesivamente cargada, cosa que ocurr\u00eda muy pocas veces.<\/p>\n<p>Sal\u00edamos alegres de San Salvador en nuestra flamante ranchera, \u00edbamos cantando hasta llegar a las primeras curvas de la Rebollada, donde sufr\u00edamos la primera parada obligada por el mareo de alguno de los ni\u00f1os. Siempre tuve la desgracia de marearme con facilidad. Yo creo que lo hered\u00e9 de mi madre y los dos lo pas\u00e1bamos muy mal. No obstante la alegr\u00eda, por la visita a la familia de Tudela, merec\u00eda la pena el sacrificio poco agradable del mareo consiguiente. A la vuelta par\u00e1bamos obligatoriamente en Mieres para despejar de las secuelas del paso por el puerto del Padr\u00fan y de la Rebollada. Todav\u00eda hoy, cuando veo por televisi\u00f3n a los ciclistas coronar el puerto en la Vuelta a Espa\u00f1a, me viene el recuerdo de nuestros viajes a Tudela.<\/p>\n<p>Una de estas paradas obligadas en Mieres coincidi\u00f3 con las fiestas patronales de San Juan. En ellas sufr\u00ed el primer percance desagradable que recuerdo desde que tengo conciencia. A mi padre le gustaba llevarnos a los caballitos, a las barracas y al circo que estaban instalados en la explanada que hab\u00eda delante de la estaci\u00f3n del Vasco Asturiano. Los tres hermanos \u00edbamos cogidos de la mano de mis padres, pero no s\u00e9 de qu\u00e9 manera me solt\u00e9 y fui a parar delante de la entrada del circo. S\u00f3lo recuerdo que me recogieron dos chicas j\u00f3venes, me preguntaron el nombre y el pueblo. Se acercaron a una plataforma que hab\u00eda delante del circo y pidieron que anunciaran mi nombre por los altavoces sin soltarme de la mano ni un s\u00f3lo momento. Despu\u00e9s de unos minutos interminables aparecieron mis padres que ven\u00edan nerviosos, desconsolados preguntando a todos los conocidos y me abrazaron con mucha fuerza, tanta que todav\u00eda la siento en el d\u00eda de hoy.<\/p>\n<p>La nostalgia por la familia, las gentes y el pueblo, que mi madre siempre exterioriz\u00f3, hizo que yo me sintiera m\u00e1s cerca de la familia de Tudela, quiz\u00e1s porque siempre estuve m\u00e1s cerca de ella. Desde peque\u00f1o mantuve una relaci\u00f3n de comunicaci\u00f3n muy intensa con mi madre. Nos entend\u00edamos muy bien, todo el mundo me dec\u00eda que era tudelano y que hab\u00eda heredado su gran sentido del humor, pero en esta cualidad nunca hemos sabido imitarla ninguno de los hijos.<\/p>\n<p>Mi madre no s\u00f3lo mantuvo una relaci\u00f3n materno-filial conmigo, sino que iba m\u00e1s all\u00e1, creando una gran complicidad entre los dos. Este nuestro cari\u00f1o imperecedero lo siento con la misma intensidad a pesar de la situaci\u00f3n, la distancia y ahora su falta.\u00a0 Cuando estaba en el internado esperaba con ansiedad la llegada del correo para leer sus cartas y sentir los mimos maternos que necesitaba. En ellas me contaba todas las noticias de la familia, los amigos y las gentes del pueblo. Siempre fui muy pregunt\u00f3n por los acontecimientos de San Salvador y procuraba ponerme al d\u00eda r\u00e1pidamente. En cuanto llegaba de vacaciones indagaba en las personas que yo sab\u00eda mejor informadas. Mi madre que sab\u00eda de este, mi defecto, me contaba con detalle lo m\u00e1s sobresaliente desde mi marcha.<\/p>\n<p>De esta comunicaci\u00f3n permanente con mi madre viene mi apego, conocimiento y trato con la familia de Tudela.<br \/>\nEl pueblo de Tudela contrastaba con el de San Salvador en muchas cosas que para m\u00ed resultaban novedosas. Era un pueblo m\u00e1s agr\u00edcola y ganadero, o me lo parec\u00eda a m\u00ed, porque el ambiente familiar en el que yo me desenvolv\u00eda, m\u00e1s ligado al mundo comercial, contrastaba con el conjunto de circunstancias que rodeaban a la familia de Tudela.<\/p>\n<div id=\"attachment_237\" style=\"width: 310px\" class=\"wp-caption aligncenter\"><a href=\"https:\/\/www.opinioneslibres.es\/anecdotaseironiasdesdecabomayor\/wp-content\/uploads\/2014\/01\/rubia-americana1.jpg\"><img loading=\"lazy\" decoding=\"async\" aria-describedby=\"caption-attachment-237\" class=\"size-medium wp-image-237 \" title=\"La furgoneta \u201crubia americana\u201d\" src=\"https:\/\/www.opinioneslibres.es\/anecdotaseironiasdesdecabomayor\/wp-content\/uploads\/2014\/01\/rubia-americana1-300x143.jpg\" alt=\"La furgoneta \u201crubia americana\u201d\" width=\"300\" height=\"143\" srcset=\"https:\/\/www.opinioneslibres.es\/anecdotaseironiasdesdecabomayor\/wp-content\/uploads\/2014\/01\/rubia-americana1-300x143.jpg 300w, https:\/\/www.opinioneslibres.es\/anecdotaseironiasdesdecabomayor\/wp-content\/uploads\/2014\/01\/rubia-americana1.jpg 380w\" sizes=\"auto, (max-width: 300px) 100vw, 300px\" \/><\/a><p id=\"caption-attachment-237\" class=\"wp-caption-text\">La furgoneta \u201crubia americana\u201d<\/p><\/div>\n<div>\n<hr align=\"left\" size=\"1\" width=\"33%\" \/>\n<div>\n<p>[1] Rubia, autom\u00f3vil con dos o m\u00e1s asientos para viajeros y la parte posterior acondicionada para transportar carga.<\/p>\n<\/div>\n<\/div>\n","protected":false},"excerpt":{"rendered":"<p>Mi madre fue una mujer muy integrada en la familia y en el pueblo de Tudela. Quiso siempre que sus hijos tuvieran el mismo apego por los suyos y por el lugar donde naci\u00f3 y vivi\u00f3 su infancia y juventud. Continuamente nos relataba las costumbres, las fiestas y los personajes m\u00e1s sobresalientes de la aldea. [&#8230;]<\/p>\n","protected":false},"author":2,"featured_media":0,"comment_status":"open","ping_status":"closed","sticky":false,"template":"","format":"standard","meta":{"footnotes":""},"categories":[1],"tags":[],"class_list":["post-233","post","type-post","status-publish","format-standard","hentry","category-anecdotas"],"_links":{"self":[{"href":"https:\/\/www.opinioneslibres.es\/anecdotaseironiasdesdecabomayor\/index.php?rest_route=\/wp\/v2\/posts\/233","targetHints":{"allow":["GET"]}}],"collection":[{"href":"https:\/\/www.opinioneslibres.es\/anecdotaseironiasdesdecabomayor\/index.php?rest_route=\/wp\/v2\/posts"}],"about":[{"href":"https:\/\/www.opinioneslibres.es\/anecdotaseironiasdesdecabomayor\/index.php?rest_route=\/wp\/v2\/types\/post"}],"author":[{"embeddable":true,"href":"https:\/\/www.opinioneslibres.es\/anecdotaseironiasdesdecabomayor\/index.php?rest_route=\/wp\/v2\/users\/2"}],"replies":[{"embeddable":true,"href":"https:\/\/www.opinioneslibres.es\/anecdotaseironiasdesdecabomayor\/index.php?rest_route=%2Fwp%2Fv2%2Fcomments&post=233"}],"version-history":[{"count":6,"href":"https:\/\/www.opinioneslibres.es\/anecdotaseironiasdesdecabomayor\/index.php?rest_route=\/wp\/v2\/posts\/233\/revisions"}],"predecessor-version":[{"id":241,"href":"https:\/\/www.opinioneslibres.es\/anecdotaseironiasdesdecabomayor\/index.php?rest_route=\/wp\/v2\/posts\/233\/revisions\/241"}],"wp:attachment":[{"href":"https:\/\/www.opinioneslibres.es\/anecdotaseironiasdesdecabomayor\/index.php?rest_route=%2Fwp%2Fv2%2Fmedia&parent=233"}],"wp:term":[{"taxonomy":"category","embeddable":true,"href":"https:\/\/www.opinioneslibres.es\/anecdotaseironiasdesdecabomayor\/index.php?rest_route=%2Fwp%2Fv2%2Fcategories&post=233"},{"taxonomy":"post_tag","embeddable":true,"href":"https:\/\/www.opinioneslibres.es\/anecdotaseironiasdesdecabomayor\/index.php?rest_route=%2Fwp%2Fv2%2Ftags&post=233"}],"curies":[{"name":"wp","href":"https:\/\/api.w.org\/{rel}","templated":true}]}}