{"id":247,"date":"2014-03-17T09:14:57","date_gmt":"2014-03-17T09:14:57","guid":{"rendered":"https:\/\/www.opinioneslibres.es\/anecdotaseironiasdesdecabomayor\/?p=247"},"modified":"2014-03-17T09:18:22","modified_gmt":"2014-03-17T09:18:22","slug":"trigesima-historia-los-abuelos-de-tudela","status":"publish","type":"post","link":"https:\/\/www.opinioneslibres.es\/anecdotaseironiasdesdecabomayor\/?p=247","title":{"rendered":"TRIG\u00c9SIMA HISTORIA &#8211; Los abuelos de Tudela"},"content":{"rendered":"<p><b><a href=\"https:\/\/www.opinioneslibres.es\/anecdotaseironiasdesdecabomayor\/wp-content\/uploads\/2014\/03\/abuelos_tudela.jpg\"><img loading=\"lazy\" decoding=\"async\" class=\"aligncenter size-medium wp-image-251\" alt=\"abuelos_tudela\" src=\"https:\/\/www.opinioneslibres.es\/anecdotaseironiasdesdecabomayor\/wp-content\/uploads\/2014\/03\/abuelos_tudela-300x192.jpg\" width=\"300\" height=\"192\" srcset=\"https:\/\/www.opinioneslibres.es\/anecdotaseironiasdesdecabomayor\/wp-content\/uploads\/2014\/03\/abuelos_tudela-300x192.jpg 300w, https:\/\/www.opinioneslibres.es\/anecdotaseironiasdesdecabomayor\/wp-content\/uploads\/2014\/03\/abuelos_tudela.jpg 426w\" sizes=\"auto, (max-width: 300px) 100vw, 300px\" \/><\/a>Familia de Severiano Gonz\u00e1lez y Guadalupe Madera<\/b><\/p>\n<p>Los abuelos maternos viv\u00edan en una posici\u00f3n desahogada dentro del mundo rural. Ten\u00edan un peque\u00f1o reba\u00f1o de vacas lecheras, gallinas, patos y el burro, animal imprescindible para las labores diarias de transporte del verde para el ganado, de las peque\u00f1as cosechas de la vega, as\u00ed como para el abono de los prados y\u00a0 las huertas. Me llamaba la atenci\u00f3n este modo de vida distinto y m\u00e1s cercano a la naturaleza. Ten\u00edan toda clase de \u00e1rboles frutales, manzanas, peras, ciruelas, cerezas, guindas, membrillos, melocotones, nueces, avellanas y casta\u00f1as. Todas estas variedades de frutas estaban distribuidas en las distintas propiedades r\u00fasticas. Cuando era la \u00e9poca de la recogida de la hierba las visit\u00e1bamos todas.<!--more--><\/p>\n<p>Recuerdo con especial cari\u00f1o la primera vez que el abuelo Severiano me aup\u00f3 en el burro para que le acompa\u00f1ara a visitar alguna de las fincas. Ten\u00eda por aquellos d\u00edas entre tres y cuatro a\u00f1os, pero nunca se borr\u00f3 esta imagen tan agradable.<\/p>\n<p>De mi abuelo Severiano guardo unos recuerdos muy contados y concretos. S\u00e9 por la familia el car\u00e1cter simp\u00e1tico, ocurrente y bonach\u00f3n que ten\u00eda. Tengo la imagen viva de cuando me cog\u00eda de la mano y le acompa\u00f1aba a orde\u00f1ar las vacas al establo que ten\u00eda enfrente de su casa. Nunca hab\u00eda bebido la leche reci\u00e9n orde\u00f1ada hasta ese d\u00eda con el abuelo, pero jam\u00e1s volv\u00ed a sentir ese placer a lo largo de mi vida. Siendo yo muy peque\u00f1o, enseguida congeni\u00e9 con el abuelo y me sent\u00ed alegre con \u00e9l, a pesar de que apenas lo conoc\u00eda.<\/p>\n<p>El abuelo Severiano era hijo de maestro y ten\u00eda estudios de magisterio, aunque no hab\u00eda terminado la carrera. Siento no poder describir f\u00edsicamente al abuelo Severiano, porque tengo una imagen muy difusa y no quiero utilizar las fotograf\u00edas que guarda la familia, sino los recuerdos que yo tengo desde mi infancia; esa es, precisamente, la raz\u00f3n de estas p\u00e1ginas.<br \/>\nLa abuela Guadalupe es un personaje m\u00e1s real y menos anecd\u00f3tico en mis recuerdos. Mis impresiones sobre ella van cambiando desde las primeras visitas a Tudela hasta las \u00faltimas conversaciones con la abuela pocos d\u00edas antes de morir.<br \/>\nEn mis primeros recuerdos la siento envuelta con el resto de personas que pululaban por la casa de los abuelos, sin que ella tomara ning\u00fan protagonismo especial. Se va haciendo m\u00e1s real con el paso del tiempo hasta sentirla como ahora la veo.<\/p>\n<p>Era una mujer a primera vista distante, seria, de car\u00e1cter fuerte, hecho a fuerza de superar las dificultades que la vida tra\u00eda a una joven madre con ocho hijos. Lupe o Lupa, como la llamaban en el pueblo, era una buena ama de casa de principios de siglo. Su madre, por la experiencia de la peque\u00f1a fonda que ten\u00edan sus padres en Borines<a title=\"\" href=\"#_ftn1\">[1]<\/a>, hab\u00eda ense\u00f1ado a su hija a cocinar mejor que cualquiera otra del pueblo. Sab\u00eda sacar provecho de las cosechas de las fincas de la Vega de Tudela, as\u00ed como de los frutos de los \u00e1rboles, que ella preparaba para su conservaci\u00f3n en ricas mermeladas, confituras y buenos postres. De esta manera no desperdiciaba los sobrantes del consumo diario. Era virtud de una buena ama de casa de un pueblo agr\u00edcola-ganadero saber estirar y multiplicar al m\u00e1ximo las cosechas y los frutos del a\u00f1o. No puedo olvidar las delicias del sabor de sus confituras de cerezas, de ciruelas, peras, manzanas y melocot\u00f3n. Lupe las cocinaba en una de las calderas de cobre que ten\u00eda colgadas encima del fog\u00f3n de la cocina y luego las trasladaba en peque\u00f1os frascos al pasamano del corredor para que recibieran el sol.<\/p>\n<p>Estas cualidades culinarias mostraban su paciencia para el trabajo duro de la cocina, virtud esta que aparec\u00eda tambi\u00e9n en el trato con los suyos y con el vecindario. La abuela Guadalupe hab\u00eda heredado el car\u00e1cter duro, seco y formal de su padre Miguel, no hab\u00eda duda de que era la que mandaba en casa de Severiano.<\/p>\n<p>Gozaba de buena amistad con el vecindario, de una manera especial,\u00a0 con Ces\u00e1rea, vecina de puerta, con la que compart\u00eda conversaci\u00f3n y cigarro, despu\u00e9s de terminar las faenas de la casa, en el banco que estaba al lado de la puerta principal de la casa de su amiga. Este rato de recreo con Ces\u00e1rea era sagrado para la abuela, porque Ces\u00e1rea, que era simp\u00e1tica, parlanchina\u00a0 y de buen car\u00e1cter, agradaba y relajaba a Lupe.<\/p>\n<p>Ces\u00e1rea era alegre y le gustaba compartir las canciones de la \u00e9poca con las faenas de la casa. Otra de sus aficiones consist\u00eda en acercarse hasta la casa de Quico el Sastre para escuchar la radio, que \u00e9ste colocaba en la ventana del comercio para que pudieran escuchar el resto de los vecinos. Era de dominio p\u00fablico el car\u00e1cter, los modos, las maneras poco varoniles y amaneradas de Quico, cualidades estas que le hac\u00edan poco simp\u00e1tico con el resto de los vecinos. Una noche de escucha musical en los aleda\u00f1os de la casa de Quico, estaba api\u00f1ado de vecinos sentados en torno a la radio, cuando, desde el silencio, aparece la voz de protesta de Ces\u00e1rea, porque no acababa de sonar la canci\u00f3n, que a ella le gustaba escuchar:<\/p>\n<p>&#8211; Esti maricuelu<a title=\"\" href=\"#_ftn2\">[2]<\/a>, que repunante<a title=\"\" href=\"#_ftn3\">[3]<\/a>, \u00bf por qu\u00e9 nun nos pondr\u00e1 la canci\u00f3n de All\u00e1 en La Habana?<\/p>\n<p>A lo que su hijo Cilio contest\u00f3 con mucha contundencia y poco respeto:<\/p>\n<p>&#8211; \u00a1 Moll\u00eda! , esto nun se pon, vien ello.<\/p>\n<p>A parte de estas an\u00e9cdotas simp\u00e1ticas de Ces\u00e1rea, Guadalupe fue siempre con ella buena vecina para lo bueno y para lo malo. La acompa\u00f1\u00f3 en el sanatorio, cuando tuvo la desgracia de perder un brazo, fue generosa en silencio y su mejor amiga.<\/p>\n<div>\n<hr align=\"left\" size=\"1\" width=\"33%\" \/>\n<div>\n<p><a title=\"\" href=\"#_ftnref1\">[1]<\/a> Borines, pueblo de Asturias perteneciente al ayuntamiento de Infiesto, m\u00e1s conocido por su manantial minero-medicinal.<\/p>\n<p>[2] Maricuelu, amanerado.<\/p>\n<\/div>\n<div><\/div>\n<p>[3] Repunante, antip\u00e1tico, desagradable, molesto.<\/p>\n<\/div>\n<style><!--\n\/* Font Definitions *\/\n@font-face\n\t{font-family:Arial;\n\tpanose-1:2 11 6 4 2 2 2 2 2 4;\n\tmso-font-charset:0;\n\tmso-generic-font-family:auto;\n\tmso-font-pitch:variable;\n\tmso-font-signature:-536859905 -1073711037 9 0 511 0;}\n@font-face\n\t{font-family:Arial;\n\tpanose-1:2 11 6 4 2 2 2 2 2 4;\n\tmso-font-charset:0;\n\tmso-generic-font-family:auto;\n\tmso-font-pitch:variable;\n\tmso-font-signature:-536859905 -1073711037 9 0 511 0;}\n@font-face\n\t{font-family:Calibri;\n\tpanose-1:2 15 5 2 2 2 4 3 2 4;\n\tmso-font-charset:0;\n\tmso-generic-font-family:auto;\n\tmso-font-pitch:variable;\n\tmso-font-signature:-1610611985 1073750139 0 0 159 0;}\n \/* Style Definitions *\/\np.MsoNormal, li.MsoNormal, div.MsoNormal\n\t{mso-style-unhide:no;\n\tmso-style-qformat:yes;\n\tmso-style-parent:\"\";\n\tmargin-top:0cm;\n\tmargin-right:0cm;\n\tmargin-bottom:10.0pt;\n\tmargin-left:0cm;\n\tline-height:115%;\n\tmso-pagination:widow-orphan;\n\tfont-size:11.0pt;\n\tfont-family:Calibri;\n\tmso-ascii-font-family:Calibri;\n\tmso-ascii-theme-font:minor-latin;\n\tmso-fareast-font-family:Calibri;\n\tmso-fareast-theme-font:minor-latin;\n\tmso-hansi-font-family:Calibri;\n\tmso-hansi-theme-font:minor-latin;\n\tmso-bidi-font-family:\"Times New Roman\";\n\tmso-bidi-theme-font:minor-bidi;\n\tmso-ansi-language:ES;\n\tmso-fareast-language:EN-US;}\n.MsoChpDefault\n\t{mso-style-type:export-only;\n\tmso-default-props:yes;\n\tfont-size:11.0pt;\n\tmso-ansi-font-size:11.0pt;\n\tmso-bidi-font-size:11.0pt;\n\tfont-family:Calibri;\n\tmso-ascii-font-family:Calibri;\n\tmso-ascii-theme-font:minor-latin;\n\tmso-fareast-font-family:Calibri;\n\tmso-fareast-theme-font:minor-latin;\n\tmso-hansi-font-family:Calibri;\n\tmso-hansi-theme-font:minor-latin;\n\tmso-bidi-font-family:\"Times New Roman\";\n\tmso-bidi-theme-font:minor-bidi;\n\tmso-ansi-language:ES;\n\tmso-fareast-language:EN-US;}\n.MsoPapDefault\n\t{mso-style-type:export-only;\n\tmargin-bottom:10.0pt;\n\tline-height:115%;}\n@page WordSection1\n\t{size:612.0pt 792.0pt;\n\tmargin:70.85pt 3.0cm 70.85pt 3.0cm;\n\tmso-header-margin:36.0pt;\n\tmso-footer-margin:36.0pt;\n\tmso-paper-source:0;}\ndiv.WordSection1\n\t{page:WordSection1;}\n--><\/style>\n<p>&nbsp;<\/p>\n","protected":false},"excerpt":{"rendered":"<p>Familia de Severiano Gonz\u00e1lez y Guadalupe Madera Los abuelos maternos viv\u00edan en una posici\u00f3n desahogada dentro del mundo rural. Ten\u00edan un peque\u00f1o reba\u00f1o de vacas lecheras, gallinas, patos y el burro, animal imprescindible para las labores diarias de transporte del verde para el ganado, de las peque\u00f1as cosechas de la vega, as\u00ed como para el [&#8230;]<\/p>\n","protected":false},"author":1,"featured_media":0,"comment_status":"open","ping_status":"closed","sticky":false,"template":"","format":"standard","meta":{"footnotes":""},"categories":[1],"tags":[],"class_list":["post-247","post","type-post","status-publish","format-standard","hentry","category-anecdotas"],"_links":{"self":[{"href":"https:\/\/www.opinioneslibres.es\/anecdotaseironiasdesdecabomayor\/index.php?rest_route=\/wp\/v2\/posts\/247","targetHints":{"allow":["GET"]}}],"collection":[{"href":"https:\/\/www.opinioneslibres.es\/anecdotaseironiasdesdecabomayor\/index.php?rest_route=\/wp\/v2\/posts"}],"about":[{"href":"https:\/\/www.opinioneslibres.es\/anecdotaseironiasdesdecabomayor\/index.php?rest_route=\/wp\/v2\/types\/post"}],"author":[{"embeddable":true,"href":"https:\/\/www.opinioneslibres.es\/anecdotaseironiasdesdecabomayor\/index.php?rest_route=\/wp\/v2\/users\/1"}],"replies":[{"embeddable":true,"href":"https:\/\/www.opinioneslibres.es\/anecdotaseironiasdesdecabomayor\/index.php?rest_route=%2Fwp%2Fv2%2Fcomments&post=247"}],"version-history":[{"count":4,"href":"https:\/\/www.opinioneslibres.es\/anecdotaseironiasdesdecabomayor\/index.php?rest_route=\/wp\/v2\/posts\/247\/revisions"}],"predecessor-version":[{"id":252,"href":"https:\/\/www.opinioneslibres.es\/anecdotaseironiasdesdecabomayor\/index.php?rest_route=\/wp\/v2\/posts\/247\/revisions\/252"}],"wp:attachment":[{"href":"https:\/\/www.opinioneslibres.es\/anecdotaseironiasdesdecabomayor\/index.php?rest_route=%2Fwp%2Fv2%2Fmedia&parent=247"}],"wp:term":[{"taxonomy":"category","embeddable":true,"href":"https:\/\/www.opinioneslibres.es\/anecdotaseironiasdesdecabomayor\/index.php?rest_route=%2Fwp%2Fv2%2Fcategories&post=247"},{"taxonomy":"post_tag","embeddable":true,"href":"https:\/\/www.opinioneslibres.es\/anecdotaseironiasdesdecabomayor\/index.php?rest_route=%2Fwp%2Fv2%2Ftags&post=247"}],"curies":[{"name":"wp","href":"https:\/\/api.w.org\/{rel}","templated":true}]}}