{"id":25,"date":"2009-07-02T09:58:44","date_gmt":"2009-07-02T07:58:44","guid":{"rendered":"https:\/\/www.opinioneslibres.es\/anecdotaseironiasdesdecabomayor\/?p=25"},"modified":"2009-07-02T09:58:44","modified_gmt":"2009-07-02T07:58:44","slug":"la-primera-historia","status":"publish","type":"post","link":"https:\/\/www.opinioneslibres.es\/anecdotaseironiasdesdecabomayor\/?p=25","title":{"rendered":"La Primera Historia"},"content":{"rendered":"<p><strong>Xuan\u00f3n de Caba\u00f1aquinta<\/strong><\/p>\n<p>La abuela Mercedes es una pieza clave a la hora de transmitir los recuerdos de anta\u00f1o. Nos reun\u00edamos todos los nietos en torno a ella y contaba con paciencia y con mucha gracia, a modo de cuento, las historias de la familia y de los allegados del pueblo.<br \/>\n\u00a0\u00a0\u00a0\u00a0\u00a0\u00a0\u00a0\u00a0<br \/>\nPara que se produjera esta comunicaci\u00f3n entre la abuela y sus nietos, era necesario que se dieran las circunstancias del silencio, del inter\u00e9s, de la falta de ocupaciones del momento y lo que es m\u00e1s importante, la pregunta, por parte de alguno de nosotros, por el relato de nuestros antepasados.<!--more--><\/p>\n<p>Juan fue el nieto que primero pregunt\u00f3:<\/p>\n<p>&#8211; Abuela: h\u00e1blanos de Xuan\u00f3n de Caba\u00f1aquinta<\/p>\n<p>&#8211; Mar\u00eda, mi madre, &#8211; respondi\u00f3 la abuela -, ten\u00eda una hermana mayor que ella, que se llamaba Br\u00edgida, casada con Xuan\u00f3n de Caba\u00f1aquinta. Mi t\u00eda Br\u00edgida era bajita y contrastaba con la altura de Xuan\u00f3n, pero a pesar de ser tan peque\u00f1a mandaba con m\u00e1s fuerza que Xuan\u00f3n tiraba la barra.<\/p>\n<p>Juan D\u00edaz-Faes, m\u00e1s conocido como Xuan\u00f3n de Caba\u00f1aquinta,\u00a0 era un hombre robusto que rondaba los dos metros de altura y pesaba m\u00e1s de cien kilos. Ten\u00eda una fuerza colosal y se le atribu\u00eda un olfato especialmente dotado en las cacer\u00edas para seguir la pista a sus piezas. En definitiva Xuan\u00f3n estaba como un oso. Y nunca mejor dicho porque se pas\u00f3 la vida matando osos y conciliando a los paisanos. Fue Juez de Paz por la Junta de Gobierno de la Audiencia Territorial del Principado de Asturias y tambi\u00e9n fue alcalde del Concejo de Aller.<\/p>\n<p>La fama de Xuan\u00f3n de Caba\u00f1aquinta traspas\u00f3 las fronteras del municipio y de la propia regi\u00f3n, por sus andanzas como cazador, hasta el punto que a lo largo de su vida dio muerte a noventa y dos osos. Por haber dado muerte a un oso a cuchillo en los montes de Vegarada sirvi\u00f3 para participar en numerosas cacer\u00edas con la realeza y la nobleza de la Espa\u00f1a de sus tiempos. La reina Isabel II, el Rey Alfonso XII, el general Prim, Bernaldo de Quir\u00f3s, marqu\u00e9s de Camposagrado[1] y Alejandro Pidal[2] fueron algunos de sus compa\u00f1eros de batida m\u00e1s conocidos.<\/p>\n<p>Esta vocaci\u00f3n cortesana de Xuan\u00f3n trajo alguna que otra an\u00e9cdota. Hay una con la Reina Isabel II, de la que se cuenta que \u201cuna vez cuando la Reina acudi\u00f3 a la localidad de Felechosa en el concejo de Aller no se atrev\u00eda a vadear un arroyo y Xuan\u00f3n la cogi\u00f3 en el cuello [3] y la pas\u00f3 al otro lado, dici\u00e9ndole: \u201cHay Reina. Ust\u00e9 ye como el tordu, tien el picu flacu y lo dem\u00e1s gordu\u201d<\/p>\n<p>Una de estas an\u00e9cdotas tiene un cierto sabor picante, Se cuenta que Xuan\u00f3n hac\u00eda de gu\u00eda en una cacer\u00eda de la familia real y parece ser que una de las Infantas ten\u00eda problemas para subirse al caballo. Xuan\u00f3n se acerc\u00f3 a la atribulada infanta y le dijo: \u201c \u00bfQuiere que la monte[4], se\u00f1ora?\u201d. El chisme cuenta que la real mujer le dedic\u00f3 una p\u00edcara sonrisa al fortach\u00f3n de Caba\u00f1aquinta. \u201cNo, muchas gracias, Xuan\u00f3n\u201d.<\/p>\n<p>Hizo una gran amistad con el general Prim, con el que sali\u00f3 en numerosas ocasiones por los montes de Asturias. Xuan\u00f3n era grand\u00f3n de cuerpo, palabra y obra. Cazaba con el general Prim cuando Xuan\u00f3n pidi\u00f3 a todos los que le acompa\u00f1aban que cuando se encontraran con el oso no dispararan, buscaba el cuerpo a cuerpo con el animal. Prim sorprendido ante la ocurrencia del asturiano, le dijo: \u201c Para qu\u00e9 quiere hacer eso si tenemos dos fusiles\u201d. Xuan\u00f3n respondi\u00f3 muy ufano: \u201c Ye que, como soy juez de paz, no puedo andar a palos por les romer\u00edes y se me oxiden los brazos\u201d. El Rey Alfonso XII le lleg\u00f3 a regalar una escopeta de su armero real.<\/p>\n<p>Otra de las muchas an\u00e9cdotas de este hombre-oso ocurri\u00f3 como invitado por el marqu\u00e9s de Camposagrado a un concurso de lanzamiento de barra que se celebraba en la capital de Espa\u00f1a. El marqu\u00e9s le previno que los forzudos navarros eran invencibles y Xuan\u00f3n lanz\u00f3 doce metros m\u00e1s lejos que sus competidores. El de Caba\u00f1aquinta se volvi\u00f3 al marqu\u00e9s y le dijo: \u201cMarqu\u00e9s, ust\u00e9 enga\u00f1ome. Esti ye un juegu de guajes. Aqu\u00ed nun se lancen barres, aqu\u00ed lo que se lanza ye narbasu[5]\u201d.<\/p>\n<p>Su amigo Alejandro Pidal dec\u00eda de \u00e9l que era \u201cel \u00faltimo bot\u00f3n de la casaca de Pelayo\u201d. A su juicio fue un gran enamorado del concejo de Aller, que en sus correr\u00edas por Madrid siempre tuvo a honra expresarse en bable y vestirse con las prendas de su tierra: chaleco, calz\u00f3n y montera. Este personaje de leyenda allerana muri\u00f3 el 20 de diciembre de 1894 a los 72 a\u00f1os de edad. Se march\u00f3 de la vida con la misma velocidad con la que se presentaba un oso en sus cacer\u00edas por los montes alleranos. Xuan\u00f3n dec\u00eda que un \u201coso aparece en el monte con la misma velocidad que se santigua un loco\u201d. L\u00e1stima que hoy sean muy pocos los que puedan comprobarlo.<\/p>\n<p>[1] Familia de la aristocracia asturiana. Bernaldo de Quir\u00f3s, marqu\u00e9s de Camposagrado, firmante del famoso Manifiesto del hambre 1852.<\/p>\n<p>[2] Alejandro Pidal y Mon, la figura m\u00e1s importante e influyente del caciquismo asturiano. Ejerce la jefatura del consevadurismo asturiano hasta su muerte en 1913.<\/p>\n<p>[3] En el cuello, en brazos.<\/p>\n<p>[4] Monte, suba.<\/p>\n<p>[5] Narbasu, extremo de la ca\u00f1a de ma\u00edz, una vez despojada de las mazorcas, sirve de forraje.<\/p>\n","protected":false},"excerpt":{"rendered":"<p>Xuan\u00f3n de Caba\u00f1aquinta La abuela Mercedes es una pieza clave a la hora de transmitir los recuerdos de anta\u00f1o. Nos reun\u00edamos todos los nietos en torno a ella y contaba con paciencia y con mucha gracia, a modo de cuento, las historias de la familia y de los allegados del pueblo. \u00a0\u00a0\u00a0\u00a0\u00a0\u00a0\u00a0\u00a0 Para que se [&#8230;]<\/p>\n","protected":false},"author":2,"featured_media":0,"comment_status":"open","ping_status":"open","sticky":false,"template":"","format":"standard","meta":{"footnotes":""},"categories":[3],"tags":[],"class_list":["post-25","post","type-post","status-publish","format-standard","hentry","category-general"],"_links":{"self":[{"href":"https:\/\/www.opinioneslibres.es\/anecdotaseironiasdesdecabomayor\/index.php?rest_route=\/wp\/v2\/posts\/25","targetHints":{"allow":["GET"]}}],"collection":[{"href":"https:\/\/www.opinioneslibres.es\/anecdotaseironiasdesdecabomayor\/index.php?rest_route=\/wp\/v2\/posts"}],"about":[{"href":"https:\/\/www.opinioneslibres.es\/anecdotaseironiasdesdecabomayor\/index.php?rest_route=\/wp\/v2\/types\/post"}],"author":[{"embeddable":true,"href":"https:\/\/www.opinioneslibres.es\/anecdotaseironiasdesdecabomayor\/index.php?rest_route=\/wp\/v2\/users\/2"}],"replies":[{"embeddable":true,"href":"https:\/\/www.opinioneslibres.es\/anecdotaseironiasdesdecabomayor\/index.php?rest_route=%2Fwp%2Fv2%2Fcomments&post=25"}],"version-history":[{"count":0,"href":"https:\/\/www.opinioneslibres.es\/anecdotaseironiasdesdecabomayor\/index.php?rest_route=\/wp\/v2\/posts\/25\/revisions"}],"wp:attachment":[{"href":"https:\/\/www.opinioneslibres.es\/anecdotaseironiasdesdecabomayor\/index.php?rest_route=%2Fwp%2Fv2%2Fmedia&parent=25"}],"wp:term":[{"taxonomy":"category","embeddable":true,"href":"https:\/\/www.opinioneslibres.es\/anecdotaseironiasdesdecabomayor\/index.php?rest_route=%2Fwp%2Fv2%2Fcategories&post=25"},{"taxonomy":"post_tag","embeddable":true,"href":"https:\/\/www.opinioneslibres.es\/anecdotaseironiasdesdecabomayor\/index.php?rest_route=%2Fwp%2Fv2%2Ftags&post=25"}],"curies":[{"name":"wp","href":"https:\/\/api.w.org\/{rel}","templated":true}]}}