{"id":360,"date":"2016-01-25T11:56:32","date_gmt":"2016-01-25T11:56:32","guid":{"rendered":"https:\/\/www.opinioneslibres.es\/anecdotaseironiasdesdecabomayor\/?p=360"},"modified":"2016-01-25T11:57:11","modified_gmt":"2016-01-25T11:57:11","slug":"cuando-un-querido-amigo-presento-mi-libro","status":"publish","type":"post","link":"https:\/\/www.opinioneslibres.es\/anecdotaseironiasdesdecabomayor\/?p=360","title":{"rendered":"Cuando un querido amigo present\u00f3 mi libro"},"content":{"rendered":"<p><span style=\"line-height: 1.5em;\"><a href=\"https:\/\/www.opinioneslibres.es\/anecdotaseironiasdesdecabomayor\/wp-content\/uploads\/2016\/01\/lobato60_60x60.jpg\"><img loading=\"lazy\" decoding=\"async\" class=\"size-full wp-image-361 alignleft\" alt=\"lobato60_60x60\" src=\"https:\/\/www.opinioneslibres.es\/anecdotaseironiasdesdecabomayor\/wp-content\/uploads\/2016\/01\/lobato60_60x60.jpg\" width=\"60\" height=\"60\" \/><\/a><\/span><\/p>\n<p>&nbsp;<\/p>\n<p>&nbsp;<\/p>\n<p style=\"text-align: justify;\"><span style=\"line-height: 1.5em;\">S\u00f3lo una amistad de m\u00e1s de cuarenta a\u00f1os, acrecentada d\u00eda a d\u00eda por un\u00a0constante trato, puede justificar que haya sido yo el elegido para poner este modesto\u00a0comienzo a las \u201cNostalgias e iron\u00edas desde Cabo Mayor\u201d de Alberto Rodr\u00edguez.\u00a0Pretender presentar a Alberto ser\u00eda en s\u00ed mismo, una redundancia absoluta,\u00a0cuando no una pretenciosa necedad. Creo que, hoy por hoy, menos Fallero Mayor \u2013y\u00a0por ausencia del cargo- Alberto lo ha sido todo en los m\u00e1s variados y prestigiosos\u00a0\u00e1mbitos de actuaci\u00f3n: Profesor de Lengua y Literatura Espa\u00f1olas, Consejero de\u00a0Educaci\u00f3n, de Medio Ambiente y de la Presidencia en distintos gobiernos de Cantabria,\u00a0Vicepresidente en Cantabria y miembro de la Ejecutiva Nacional del Partido Popular,\u00a0Pregonero del DIA de Cantabria, Pregonero del D\u00eda del Asturc\u00f3n \u2013all\u00e1 en lo alto de\u00a0nuestro Sueve-, Pregonero de las Fiestas de la Santina en el Centro Asturiano de\u00a0Cantabria y Socio de Honor del mismo, y tantas otras cosas.\u00a0Pero Alberto Rodr\u00edguez, como tan bien sabemos sus amigos por percepci\u00f3n\u00a0directa, es mucho m\u00e1s que todo eso, con ser tanto, porque sobre todo ello es hijo y\u00a0padre ejemplar, amigo fidel\u00edsimo y uno de los contertulios m\u00e1s amenos que he tenido la\u00a0ocasi\u00f3n de conocer. Posee una vast\u00edsima cultura de s\u00f3lidos pilares human\u00edsticos\u00a0enriquecida con una fin\u00edsima percepci\u00f3n de los problemas que la realidad suministra,\u00a0sean \u00e9stos pol\u00edticos o sociales. Ambas circunstancias, a mi entender, resultan\u00a0esenciales en la visi\u00f3n y criterio que Alberto facilita en muy diversos temas, pues si los\u00a0trata con criterios exclusivamente pr\u00e1cticos ser\u00eda atenerse a un rudimentario empirismo\u00a0precient\u00edfico que no siempre resulta \u00fatil desde el propio punto de vista pr\u00e1ctico; y\u00a0contemplar los problemas de la vida, sociales o pol\u00edticos, s\u00f3lo, desde la teor\u00eda, y para\u00a0ella, supondr\u00eda un agravio para la pr\u00e1ctica, m\u00e1s tambi\u00e9n para la ciencia en si misma\u00a0que, al proceder as\u00ed, empeque\u00f1ecer\u00eda su objeto, reduci\u00e9ndolo a puros esquemas,\u00a0dejando al lado los hechos y los conflictos de la vida social.<\/span><\/p>\n<p style=\"text-align: justify;\">Finalmente, creo que estas \u201cNostalgias e iron\u00edas desde Cabo Mayor\u201d, que con\u00a0tanto gusto inicio con estas l\u00edneas, no pueden quedarse sin hermano literario, y desde\u00a0aqu\u00ed pido a sus lectores que se sumen a mi acoso al autor para que, sin tardar\u00a0demasiado, nos ofrezca otros recuerdos, esta vez de su primera andadura pol\u00edtica, tan\u00a0fecunda en el hacer como henchida de ir\u00f3nicos aconteceres. \u00a1Que todos tengamos la\u00a0suerte de poder leerlos pronto!. Am\u00e9n.<\/p>\n<p style=\"text-align: justify;\">JES\u00daS LOBATO DE BLAS .<\/p>\n<p style=\"text-align: justify;\">Catedr\u00e1tico E.U. de Derecho Mercantil.\u00a0CRUZ DE SAN RAIMUNDO DE PE\u00d1AFOR.\u00a0Acad\u00e9mico Correspondiente de la Real de Jurisprudencia y Legislaci\u00f3n,\u00a0Y de la Asturiana de Jurisprudencia<\/p>\n<p style=\"text-align: justify;\">Nota<\/p>\n<p style=\"text-align: justify;\">Jes\u00fas: Gracias por tu amistad.<\/p>\n<p style=\"text-align: justify;\">Est\u00e1s siempre presente en mi coraz\u00f3n y en mi oraci\u00f3n.<\/p>\n<p style=\"text-align: justify;\">Descansa en paz.<\/p>\n<p style=\"text-align: justify;\">Amen<\/p>\n","protected":false},"excerpt":{"rendered":"<p>&nbsp; &nbsp; S\u00f3lo una amistad de m\u00e1s de cuarenta a\u00f1os, acrecentada d\u00eda a d\u00eda por un\u00a0constante trato, puede justificar que haya sido yo el elegido para poner este modesto\u00a0comienzo a las \u201cNostalgias e iron\u00edas desde Cabo Mayor\u201d de Alberto Rodr\u00edguez.\u00a0Pretender presentar a Alberto ser\u00eda en s\u00ed mismo, una redundancia absoluta,\u00a0cuando no una pretenciosa necedad. Creo [&#8230;]<\/p>\n","protected":false},"author":2,"featured_media":0,"comment_status":"open","ping_status":"closed","sticky":false,"template":"","format":"standard","meta":{"footnotes":""},"categories":[1],"tags":[],"class_list":["post-360","post","type-post","status-publish","format-standard","hentry","category-anecdotas"],"_links":{"self":[{"href":"https:\/\/www.opinioneslibres.es\/anecdotaseironiasdesdecabomayor\/index.php?rest_route=\/wp\/v2\/posts\/360","targetHints":{"allow":["GET"]}}],"collection":[{"href":"https:\/\/www.opinioneslibres.es\/anecdotaseironiasdesdecabomayor\/index.php?rest_route=\/wp\/v2\/posts"}],"about":[{"href":"https:\/\/www.opinioneslibres.es\/anecdotaseironiasdesdecabomayor\/index.php?rest_route=\/wp\/v2\/types\/post"}],"author":[{"embeddable":true,"href":"https:\/\/www.opinioneslibres.es\/anecdotaseironiasdesdecabomayor\/index.php?rest_route=\/wp\/v2\/users\/2"}],"replies":[{"embeddable":true,"href":"https:\/\/www.opinioneslibres.es\/anecdotaseironiasdesdecabomayor\/index.php?rest_route=%2Fwp%2Fv2%2Fcomments&post=360"}],"version-history":[{"count":2,"href":"https:\/\/www.opinioneslibres.es\/anecdotaseironiasdesdecabomayor\/index.php?rest_route=\/wp\/v2\/posts\/360\/revisions"}],"predecessor-version":[{"id":363,"href":"https:\/\/www.opinioneslibres.es\/anecdotaseironiasdesdecabomayor\/index.php?rest_route=\/wp\/v2\/posts\/360\/revisions\/363"}],"wp:attachment":[{"href":"https:\/\/www.opinioneslibres.es\/anecdotaseironiasdesdecabomayor\/index.php?rest_route=%2Fwp%2Fv2%2Fmedia&parent=360"}],"wp:term":[{"taxonomy":"category","embeddable":true,"href":"https:\/\/www.opinioneslibres.es\/anecdotaseironiasdesdecabomayor\/index.php?rest_route=%2Fwp%2Fv2%2Fcategories&post=360"},{"taxonomy":"post_tag","embeddable":true,"href":"https:\/\/www.opinioneslibres.es\/anecdotaseironiasdesdecabomayor\/index.php?rest_route=%2Fwp%2Fv2%2Ftags&post=360"}],"curies":[{"name":"wp","href":"https:\/\/api.w.org\/{rel}","templated":true}]}}