{"id":71,"date":"2010-01-13T17:25:25","date_gmt":"2010-01-13T15:25:25","guid":{"rendered":"https:\/\/www.opinioneslibres.es\/anecdotaseironiasdesdecabomayor\/?p=71"},"modified":"2010-01-13T17:25:25","modified_gmt":"2010-01-13T15:25:25","slug":"la-septima-historia-el-paisanaje-de-san-salvador-3","status":"publish","type":"post","link":"https:\/\/www.opinioneslibres.es\/anecdotaseironiasdesdecabomayor\/?p=71","title":{"rendered":"La S\u00e9ptima historia: El Paisanaje de San Salvador 3"},"content":{"rendered":"<p><strong>Agust\u00edn, el carnicero, como psiquiatra circunstancial.<\/strong><\/p>\n<p>Algunas veces resulta dif\u00edcil resistirse a la evidencia de los hechos, que tienen que ver con la falta de coincidencia entre las aseveraciones cient\u00edficas con la experiencia popular. Me estoy refiriendo a los hechos que ocurrieron en Collanzo, pueblo que est\u00e1 situado a siete kil\u00f3metros de San Salvador camino del Puerto de San Isidro, y que tienen que ver con el tema que acabo de introducir.<\/p>\n<p>En Collanzo viv\u00eda un muchacho de unos veinticinco a\u00f1os que todos en el pueblo llamaban Pep\u00edn, el de la Iglesia, porque viv\u00eda cerca de este lugar, pero era un rapaz que hab\u00eda pasado desapercibido en el lugar hasta que protagoniz\u00f3 una serie de percances\u00a0 de falta de cordura, con los que termin\u00f3 con sus huesos en la Cadellada de Oviedo, que era como se llamaba al Psiqui\u00e1trico Provincial. Desde este desenlace comenzaron a llamarle en toda la comarca Pep\u00edn, el loco.<!--more--><\/p>\n<p>Como suele suceder con estos enfermos, una vez que superan la crisis y despu\u00e9s de un tratamiento de choque, los dejan volver a casa para que puedan hacer una vida normal. Bien es verdad que este estigma jam\u00e1s se olvidar\u00e1 en el pueblo y en la comarca. A partir de este percance las gentes del pueblo eran m\u00e1s tolerantes, precavidas e indulgentes con Pep\u00edn.<\/p>\n<p>Era de dominio p\u00fablico, que aquella crisis primera de locura que hab\u00eda padecido Pep\u00edn, hab\u00eda dejado alguna secuela en el paciente. Uno de estos efectos consist\u00eda en molestar de palabra y de obra a algunas vecinas del pueblo cuando se tropezaba a solas con ellas. En realidad nunca la sangre lleg\u00f3 al r\u00edo y todo el incidente quedaba en un simple pellizco de monja o nalgada de tabernero.<\/p>\n<p>Estos percances primeros pasaron desapercibidos hasta que la protagonista del contratiempo fue Casilda la mujer de Agust\u00edn, el carnicero. La v\u00edctima se encontraba sola en el lavadero del pueblo, cuando sinti\u00f3 la palma de la mano de Pep\u00edn, el loco, gravada en sus amplias y celul\u00edticas posaderas. Casilda sali\u00f3 corriendo y gritando hasta que lleg\u00f3 a la carnicer\u00eda y cont\u00f3 muy indignada a su marido la afrenta que acababa\u00a0 de sufrir. Agust\u00edn, sin decir palabra, agarr\u00f3 el garrote, que ten\u00eda para ir al mercado de los viernes en San Salvador, y se encamin\u00f3 tras los pasos del burlador de su honra. Los golpes que recibi\u00f3 Pep\u00edn, el loco, fueron la terapia suficiente para sanar al enfermo y nunca m\u00e1s en el pueblo tuvieron queja del paciente que a partir de este momento llamaron todos Pep\u00edn a secas.<\/p>\n<p>Agust\u00edn comentaba con mucho orgullo cient\u00edfico y con mucha retranca, en el chigre del pueblo:<\/p>\n<blockquote><p>&#8211; Mira aqu\u00ed est\u00e1 el psiquiatra que san\u00f3 a Pep\u00edn, &#8211; mientras agitaba el bast\u00f3n con la mano.<\/p><\/blockquote>\n<p>MORALEJA<br \/>\nGran parte de la delincuencia juvenil necesita la terapia de Agust\u00edn.<\/p>\n<p><img loading=\"lazy\" decoding=\"async\" class=\"aligncenter size-full wp-image-72\" title=\"psiquiatra\" src=\"https:\/\/www.opinioneslibres.es\/anecdotaseironiasdesdecabomayor\/wp-content\/uploads\/2010\/01\/psiquiatra11.jpg\" alt=\"psiquiatra\" width=\"480\" height=\"706\" \/><\/p>\n","protected":false},"excerpt":{"rendered":"<p>Agust\u00edn, el carnicero, como psiquiatra circunstancial. Algunas veces resulta dif\u00edcil resistirse a la evidencia de los hechos, que tienen que ver con la falta de coincidencia entre las aseveraciones cient\u00edficas con la experiencia popular. Me estoy refiriendo a los hechos que ocurrieron en Collanzo, pueblo que est\u00e1 situado a siete kil\u00f3metros de San Salvador camino [&#8230;]<\/p>\n","protected":false},"author":1,"featured_media":0,"comment_status":"open","ping_status":"open","sticky":false,"template":"","format":"standard","meta":{"footnotes":""},"categories":[3],"tags":[],"class_list":["post-71","post","type-post","status-publish","format-standard","hentry","category-general"],"_links":{"self":[{"href":"https:\/\/www.opinioneslibres.es\/anecdotaseironiasdesdecabomayor\/index.php?rest_route=\/wp\/v2\/posts\/71","targetHints":{"allow":["GET"]}}],"collection":[{"href":"https:\/\/www.opinioneslibres.es\/anecdotaseironiasdesdecabomayor\/index.php?rest_route=\/wp\/v2\/posts"}],"about":[{"href":"https:\/\/www.opinioneslibres.es\/anecdotaseironiasdesdecabomayor\/index.php?rest_route=\/wp\/v2\/types\/post"}],"author":[{"embeddable":true,"href":"https:\/\/www.opinioneslibres.es\/anecdotaseironiasdesdecabomayor\/index.php?rest_route=\/wp\/v2\/users\/1"}],"replies":[{"embeddable":true,"href":"https:\/\/www.opinioneslibres.es\/anecdotaseironiasdesdecabomayor\/index.php?rest_route=%2Fwp%2Fv2%2Fcomments&post=71"}],"version-history":[{"count":0,"href":"https:\/\/www.opinioneslibres.es\/anecdotaseironiasdesdecabomayor\/index.php?rest_route=\/wp\/v2\/posts\/71\/revisions"}],"wp:attachment":[{"href":"https:\/\/www.opinioneslibres.es\/anecdotaseironiasdesdecabomayor\/index.php?rest_route=%2Fwp%2Fv2%2Fmedia&parent=71"}],"wp:term":[{"taxonomy":"category","embeddable":true,"href":"https:\/\/www.opinioneslibres.es\/anecdotaseironiasdesdecabomayor\/index.php?rest_route=%2Fwp%2Fv2%2Fcategories&post=71"},{"taxonomy":"post_tag","embeddable":true,"href":"https:\/\/www.opinioneslibres.es\/anecdotaseironiasdesdecabomayor\/index.php?rest_route=%2Fwp%2Fv2%2Ftags&post=71"}],"curies":[{"name":"wp","href":"https:\/\/api.w.org\/{rel}","templated":true}]}}