{"id":123,"date":"2010-03-26T13:24:50","date_gmt":"2010-03-26T11:24:50","guid":{"rendered":"https:\/\/www.opinioneslibres.es\/apesardetodo\/?p=123"},"modified":"2010-03-26T13:24:50","modified_gmt":"2010-03-26T11:24:50","slug":"salivazos-por-la-calle","status":"publish","type":"post","link":"https:\/\/www.opinioneslibres.es\/apesardetodo\/?p=123","title":{"rendered":"Salivazos por la calle"},"content":{"rendered":"<p>Hace unos d\u00edas, mi amiga Melecia me hablaba de lo <em>cerda<\/em> que es la gente aqu\u00ed (bueno, ella no dice eso, porque es muy correcta en el hablar. Ella dice <em>cochina<\/em>, lo de <em>cerda<\/em> lo digo yo). Melecia es espa\u00f1ola pero naci\u00f3 en Chile, y se vino de all\u00ed hace 22 a\u00f1os con otros par\u00e1metros culturales y educacionales. As\u00ed que eso de ver escupir por la calle le trae por la <em>calle de la amargura<\/em>. Con mucha gracia, se preguntaba si la gente ensaya para lanzar el esputo justo al sitio al que parece que quieren hacerlo. Por si era una paranoia de mi nativa americana favorita, he estado fij\u00e1ndome y tiene raz\u00f3n: la gente escupe y la gente es muy <em>cerda<\/em>.<\/p>\n<p>Yo estudi\u00e9 en un colegio de curas, donde a reglazo limpio (el General ya hab\u00eda muerto, pero all\u00ed no deb\u00edan haberse enterado; de hecho, recuerdo todav\u00eda la revoluci\u00f3n que se arm\u00f3 y las caras de susto y de congoja cuando gan\u00f3 el PSOE las elecciones de 1.982) nos ense\u00f1aban que por la calle no se escupe, que no se tiran papeles, que la mierda del perro se recoge, que la basura se tira por la noche, que la nariz se suena con un pa\u00f1uelo. Esas cosas. As\u00ed que yo lo tengo muy interiorizado, como Melecia. Y como a ella, me llevan los demonios por la falta de educaci\u00f3n que puebla hoy nuestras calles.<\/p>\n<p>Y no es cosa de la <em>juventud descarriada<\/em> (la juventud siempre est\u00e1 descarriada. Llevo oy\u00e9ndolo desde que yo lo era, y el discurso no ha cambiado ni un \u00e1pice, aunque s\u00ed los que lo van haciendo, cada vez m\u00e1s arrugados como pasas). Los viejos tambi\u00e9n lo hacen. Las se\u00f1oras no, es verdad, pero no hay hombre, chico o grande, joven o mayor, que no vaya dejando gargajos por cada esquina. Ni tampoco es culpa de la LOGSE, que algunos que estudiaron urbanidad en las clases del Movimiento, muy muy talluditos ellos, tambi\u00e9n son expertos en lanzar el salivazo. Que caen, por cierto, siempre donde m\u00e1s se ven, y por tanto, donde m\u00e1s asco da.<\/p>\n<p><em>Gorrinos<\/em> de dos patas ha habido toda la vida. Es el sino de una sociedad donde algunos dan m\u00e1s valor a llevar los cromados del coche echando m\u00e1s brillos que una corista en un estreno que a mantener las calles limpias y a cumplir unos m\u00ednimos est\u00e1ndares de respeto c\u00edvico. Solo que ahora, cuando se pone mucho foco en la limpieza de las ciudades y la salubridad colectiva como uno de los aspectos de la sostenibilidad y del bienestar colectivo (no entiendo c\u00f3mo no lo fue as\u00ed siempre), los <em>cerdos<\/em> parece que se ven m\u00e1s. Falta educaci\u00f3n por la calle, y respeto. Y sobran <em>puercos<\/em> que tiran papeles, no recogen su basura y encima escupen. Estar\u00eda yo por sugerir a los colegios que retomen lo del reglazo en la mano al que se salga del camino de la decencia urbana y a los agentes del orden que rebusquen en las normas porque alguna tiene que haber que permita multar a los guarros.<\/p>\n","protected":false},"excerpt":{"rendered":"<p>Hace unos d\u00edas, mi amiga Melecia me hablaba de lo cerda que es la gente aqu\u00ed (bueno, ella no dice eso, porque es muy correcta en el hablar. Ella dice cochina, lo de cerda lo digo yo). Melecia es espa\u00f1ola pero naci\u00f3 en Chile, y se vino de all\u00ed hace 22 a\u00f1os con otros par\u00e1metros [&#8230;]<\/p>\n","protected":false},"author":2,"featured_media":0,"comment_status":"open","ping_status":"open","sticky":false,"template":"","format":"standard","meta":{"footnotes":""},"categories":[3],"tags":[7,31],"class_list":["post-123","post","type-post","status-publish","format-standard","hentry","category-general","tag-civismo","tag-santander"],"_links":{"self":[{"href":"https:\/\/www.opinioneslibres.es\/apesardetodo\/index.php?rest_route=\/wp\/v2\/posts\/123","targetHints":{"allow":["GET"]}}],"collection":[{"href":"https:\/\/www.opinioneslibres.es\/apesardetodo\/index.php?rest_route=\/wp\/v2\/posts"}],"about":[{"href":"https:\/\/www.opinioneslibres.es\/apesardetodo\/index.php?rest_route=\/wp\/v2\/types\/post"}],"author":[{"embeddable":true,"href":"https:\/\/www.opinioneslibres.es\/apesardetodo\/index.php?rest_route=\/wp\/v2\/users\/2"}],"replies":[{"embeddable":true,"href":"https:\/\/www.opinioneslibres.es\/apesardetodo\/index.php?rest_route=%2Fwp%2Fv2%2Fcomments&post=123"}],"version-history":[{"count":0,"href":"https:\/\/www.opinioneslibres.es\/apesardetodo\/index.php?rest_route=\/wp\/v2\/posts\/123\/revisions"}],"wp:attachment":[{"href":"https:\/\/www.opinioneslibres.es\/apesardetodo\/index.php?rest_route=%2Fwp%2Fv2%2Fmedia&parent=123"}],"wp:term":[{"taxonomy":"category","embeddable":true,"href":"https:\/\/www.opinioneslibres.es\/apesardetodo\/index.php?rest_route=%2Fwp%2Fv2%2Fcategories&post=123"},{"taxonomy":"post_tag","embeddable":true,"href":"https:\/\/www.opinioneslibres.es\/apesardetodo\/index.php?rest_route=%2Fwp%2Fv2%2Ftags&post=123"}],"curies":[{"name":"wp","href":"https:\/\/api.w.org\/{rel}","templated":true}]}}