{"id":139,"date":"2010-06-21T08:58:32","date_gmt":"2010-06-21T06:58:32","guid":{"rendered":"https:\/\/www.opinioneslibres.es\/apesardetodo\/?p=139"},"modified":"2010-06-21T08:58:32","modified_gmt":"2010-06-21T06:58:32","slug":"pluralidad-y-democracia","status":"publish","type":"post","link":"https:\/\/www.opinioneslibres.es\/apesardetodo\/?p=139","title":{"rendered":"Pluralidad y democracia"},"content":{"rendered":"<p>Si la libertad de expresi\u00f3n es uno de los valores que a mi juicio sirven para medir, teniendo en cuenta cu\u00e1nto se respeta y cu\u00e1nto se ejerce, el buen funcionamiento de un sistema democr\u00e1tico, la pluralidad informativa es otra de esas piezas sin las que no parece que una democracia pueda estar completa. Cuanto mayor pueda ser el acceso de los ciudadanos a una informaci\u00f3n veraz y plural, que les permita formarse una opini\u00f3n fundada y libre sobre el estado de cosas en el que se desenvuelve su vida cotidiana, de mayor calidad ser\u00e1 tambi\u00e9n la convivencia y m\u00e1s engrasados estar\u00e1n los mecanismos que la garantizan.<\/p>\n<p>En unos tiempos en los que el vendaval de la crisis se ha llevado por delante en Cantabria a m\u00e1s de un medio de comunicaci\u00f3n, y desde luego m\u00e1s all\u00e1 de las razones que sosten\u00edan su existencia o de las que han dado sus due\u00f1os para justificar los cierres, con cada desaparici\u00f3n hemos perdido un espacio para la pluralidad. Es cierto que la comunicaci\u00f3n informativa est\u00e1 cada d\u00eda m\u00e1s ideologizada, que es dif\u00edcil encontrar medios realmente independientes, que los partidos pol\u00edticos tratan de mu\u00f1ir estrategias con los editores para dar m\u00e1s cancha a su discurso y menos al del contrario. La prensa forma parte activa del debate y marca muchas veces la agenda pol\u00edtica. Pero no es menos cierto que, as\u00ed todo, contar con el mayor n\u00famero de opciones para acudir a buscar informaci\u00f3n y opini\u00f3n con la que contrastar la propia, o de donde recoger elementos de juicio para poder tenerla, es una garant\u00eda de libertad tan amplia como la que brinde la oferta.<\/p>\n<p>Y si tener m\u00faltiples posibilidades de acceder a la informaci\u00f3n y a muchos medios de comunicaci\u00f3n es un s\u00edntoma de calidad democr\u00e1tica, Cantabria es m\u00e1s democr\u00e1tica ahora que viene a ocupar un hueco en el mercado informativo un nuevo diario, <em>Aqu\u00ed Diario Cantabria<\/em>. Una aventura esta de montar un peri\u00f3dico en una regi\u00f3n peque\u00f1a, \u00a0donde est\u00e1n asentadas dos cabeceras hist\u00f3ricas y trata de hacerlo desde hace dos a\u00f1os una tercera, que es un ejercicio de valent\u00eda profesional y empresarial, m\u00e1s en un momento en el que parece que el sector de la prensa tradicional debe tomar alguna iniciativa para recuperar el terreno que se le est\u00e1n comiendo la Sociedad de la Informaci\u00f3n y las nuevas tecnolog\u00edas. Con el a\u00f1adido, adem\u00e1s, de que quienes la encaran lo hacen sin esconder el ideario progresista con el que pretenden barnizar su medio, y eso tambi\u00e9n es valiente en una comunidad donde hasta ahora la gente de izquierdas carec\u00eda de referentes en la prensa tradicional, que tiene en Cantabria muy definido su recorrido ideol\u00f3gico conservador y sus apoyos partidarios.<\/p>\n<p>Con el lanzamiento de <em>Aqu\u00ed Diario Cantabria<\/em>, la sociedad regional cuenta con m\u00e1s fuentes de las que recoger para formarse opini\u00f3n, y de un nuevo canal al que acceder para expresar la que se tenga. Habr\u00e1 quien desde su n\u00famero cero decida que ni Cantabria ni los c\u00e1ntabros ganamos nada con un nuevo peri\u00f3dico en los kioscos. Incluso quien tome esa postura por el simple hecho de que sus editores, profesionales contrastados con muchos a\u00f1os de experiencia, son tambi\u00e9n reconocida gente de izquierdas. Pero hasta eso ser\u00e1 la se\u00f1al de que m\u00e1s informaci\u00f3n, y m\u00e1s opini\u00f3n, es lo que hace falta para seguir mejorando las reglas del juego. Nunca la democracia pierde cuando m\u00e1s son los cauces de participaci\u00f3n, de expresi\u00f3n o de simple informaci\u00f3n, y si cuando no los hay o todos tienen el mismo sesgo. M\u00e1s pluralidad es m\u00e1s democracia.<\/p>\n<p>\u00a0(El n\u00famero 0 de <em>Aqu\u00ed Diario Cantabria<\/em> tiene fecha de 24 de junio de 2.010)<\/p>\n","protected":false},"excerpt":{"rendered":"<p>Si la libertad de expresi\u00f3n es uno de los valores que a mi juicio sirven para medir, teniendo en cuenta cu\u00e1nto se respeta y cu\u00e1nto se ejerce, el buen funcionamiento de un sistema democr\u00e1tico, la pluralidad informativa es otra de esas piezas sin las que no parece que una democracia pueda estar completa. Cuanto mayor [&#8230;]<\/p>\n","protected":false},"author":2,"featured_media":0,"comment_status":"open","ping_status":"open","sticky":false,"template":"","format":"standard","meta":{"footnotes":""},"categories":[3],"tags":[8,12,28],"class_list":["post-139","post","type-post","status-publish","format-standard","hentry","category-general","tag-comunicacion","tag-democracia","tag-prensa"],"_links":{"self":[{"href":"https:\/\/www.opinioneslibres.es\/apesardetodo\/index.php?rest_route=\/wp\/v2\/posts\/139","targetHints":{"allow":["GET"]}}],"collection":[{"href":"https:\/\/www.opinioneslibres.es\/apesardetodo\/index.php?rest_route=\/wp\/v2\/posts"}],"about":[{"href":"https:\/\/www.opinioneslibres.es\/apesardetodo\/index.php?rest_route=\/wp\/v2\/types\/post"}],"author":[{"embeddable":true,"href":"https:\/\/www.opinioneslibres.es\/apesardetodo\/index.php?rest_route=\/wp\/v2\/users\/2"}],"replies":[{"embeddable":true,"href":"https:\/\/www.opinioneslibres.es\/apesardetodo\/index.php?rest_route=%2Fwp%2Fv2%2Fcomments&post=139"}],"version-history":[{"count":0,"href":"https:\/\/www.opinioneslibres.es\/apesardetodo\/index.php?rest_route=\/wp\/v2\/posts\/139\/revisions"}],"wp:attachment":[{"href":"https:\/\/www.opinioneslibres.es\/apesardetodo\/index.php?rest_route=%2Fwp%2Fv2%2Fmedia&parent=139"}],"wp:term":[{"taxonomy":"category","embeddable":true,"href":"https:\/\/www.opinioneslibres.es\/apesardetodo\/index.php?rest_route=%2Fwp%2Fv2%2Fcategories&post=139"},{"taxonomy":"post_tag","embeddable":true,"href":"https:\/\/www.opinioneslibres.es\/apesardetodo\/index.php?rest_route=%2Fwp%2Fv2%2Ftags&post=139"}],"curies":[{"name":"wp","href":"https:\/\/api.w.org\/{rel}","templated":true}]}}