{"id":243,"date":"2011-06-06T10:20:14","date_gmt":"2011-06-06T08:20:14","guid":{"rendered":"https:\/\/www.opinioneslibres.es\/apesardetodo\/?p=243"},"modified":"2011-06-06T10:20:14","modified_gmt":"2011-06-06T08:20:14","slug":"perdiendose-oportunidades","status":"publish","type":"post","link":"https:\/\/www.opinioneslibres.es\/apesardetodo\/?p=243","title":{"rendered":"Perdi\u00e9ndose oportunidades"},"content":{"rendered":"<p>La semana pasada dej\u00f3 de editarse<em> Aqui Diario<\/em>. Cada vez que cierra un medio de comunicaci\u00f3n, la libertad de expresi\u00f3n pierde un altavoz, y los ciudadanos dejan de tener un referente para los argumentos con los que formarse una opini\u00f3n. La nota de cese de la publicaci\u00f3n pone el acento en la bajada de los ingresos por publicidad para justificarla. Yo ir\u00eda m\u00e1s lejos: lo que ha estrangulado al proyecto ha sido el car\u00e1cter depredador de los medios de la derecha, incapaces de entender que la pluralidad enriquece, es sana y afianza la democracia.<\/p>\n<p>Conseguir publicidad para un medio de informaci\u00f3n no es s\u00f3lo poner a un comercial a recorrer tiendas que contraten anuncios por m\u00f3dulos en impar para un domingo. Bien saben los directores que la subsistencia econ\u00f3mica depende de m\u00e1s cosas que de eso. Tiene mucho que ver con el juego limpio, el respeto y un sentido amplio del compa\u00f1erismo en la rivalidad. Es verdad que en estos tiempos de crisis, la contenci\u00f3n en el gastos de empresas y negocios ha reducido la contrataci\u00f3n de publicidad. Pero no es menos cierto que en Cantabria, cada vez que un medio progresista ha querido asentarse, el estatus quo conservador regional se ha revuelto hasta ahogar el proyecto.<\/p>\n<p>Con la misma naturalidad con la que el PP asumir\u00e1 en nada el gobierno de la Comunidad Aut\u00f3noma, debiera entenderse que un peri\u00f3dico de izquierdas trate de hacerse un hueco entre las opciones informativas para los c\u00e1ntabros. Los tics excluyentes de la derecha medi\u00e1tica regional, puestos al servicio de una sola opci\u00f3n pol\u00edtica, han vuelto a dejar en agua de borrajas la posibilidad de que tambi\u00e9n se informe desde el activismo progresista, una desgracia con antecedentes que no es nada buena para el contexto democr\u00e1tico de los medios de comunicaci\u00f3n en esta tierra.<\/p>\n","protected":false},"excerpt":{"rendered":"<p>La semana pasada dej\u00f3 de editarse Aqui Diario. Cada vez que cierra un medio de comunicaci\u00f3n, la libertad de expresi\u00f3n pierde un altavoz, y los ciudadanos dejan de tener un referente para los argumentos con los que formarse una opini\u00f3n. La nota de cese de la publicaci\u00f3n pone el acento en la bajada de los [&#8230;]<\/p>\n","protected":false},"author":2,"featured_media":0,"comment_status":"open","ping_status":"open","sticky":false,"template":"","format":"standard","meta":{"footnotes":""},"categories":[3],"tags":[],"class_list":["post-243","post","type-post","status-publish","format-standard","hentry","category-general"],"_links":{"self":[{"href":"https:\/\/www.opinioneslibres.es\/apesardetodo\/index.php?rest_route=\/wp\/v2\/posts\/243","targetHints":{"allow":["GET"]}}],"collection":[{"href":"https:\/\/www.opinioneslibres.es\/apesardetodo\/index.php?rest_route=\/wp\/v2\/posts"}],"about":[{"href":"https:\/\/www.opinioneslibres.es\/apesardetodo\/index.php?rest_route=\/wp\/v2\/types\/post"}],"author":[{"embeddable":true,"href":"https:\/\/www.opinioneslibres.es\/apesardetodo\/index.php?rest_route=\/wp\/v2\/users\/2"}],"replies":[{"embeddable":true,"href":"https:\/\/www.opinioneslibres.es\/apesardetodo\/index.php?rest_route=%2Fwp%2Fv2%2Fcomments&post=243"}],"version-history":[{"count":0,"href":"https:\/\/www.opinioneslibres.es\/apesardetodo\/index.php?rest_route=\/wp\/v2\/posts\/243\/revisions"}],"wp:attachment":[{"href":"https:\/\/www.opinioneslibres.es\/apesardetodo\/index.php?rest_route=%2Fwp%2Fv2%2Fmedia&parent=243"}],"wp:term":[{"taxonomy":"category","embeddable":true,"href":"https:\/\/www.opinioneslibres.es\/apesardetodo\/index.php?rest_route=%2Fwp%2Fv2%2Fcategories&post=243"},{"taxonomy":"post_tag","embeddable":true,"href":"https:\/\/www.opinioneslibres.es\/apesardetodo\/index.php?rest_route=%2Fwp%2Fv2%2Ftags&post=243"}],"curies":[{"name":"wp","href":"https:\/\/api.w.org\/{rel}","templated":true}]}}