{"id":248,"date":"2011-06-14T09:56:00","date_gmt":"2011-06-14T07:56:00","guid":{"rendered":"https:\/\/www.opinioneslibres.es\/apesardetodo\/?p=248"},"modified":"2011-06-14T09:56:00","modified_gmt":"2011-06-14T07:56:00","slug":"pero-y-del-tc-que","status":"publish","type":"post","link":"https:\/\/www.opinioneslibres.es\/apesardetodo\/?p=248","title":{"rendered":"Pero y del TC \u00bfqu\u00e9?"},"content":{"rendered":"<p>Parece ser que el presidente del Congreso anda d\u00e1ndole vueltas a c\u00f3mo hacer para que los d\u00edas de los plenos pasen de ser tres a ser dos. Una de dos: o la carga de trabajo del parlamento es poca, o no quiere Bono que a los diputados se les tensione el cuello de quedarse dormidos en los esca\u00f1os. Ya se sabe, eso de que el trabajo de sus se\u00f1or\u00edas que no se ve es mucho. Tanto que a veces los plenos podr\u00edan hacerse en un pasillo con cuatro sillas, porque no muchos m\u00e1s asientos del plenario aparecen ocupados.<\/p>\n<p>Tambi\u00e9n est\u00e1 a ver si consigue un acuerdo para eliminar los complementos a las jubilaciones para que despu\u00e9s de no s\u00e9 cuantas legislaturas, los parlamentarios que se jubilen cobren el tope, o algo as\u00ed. Esto tiene toda la pinta de ser un brindis al sol, porque de tapadillo ya se meter\u00e1n entre pecho y espalda alguna otra prebenda que les compense la p\u00e9rdida (la ganancia en realidad, porque les est\u00e1n dando lo que no deber\u00eda corresponderles).<\/p>\n<p>Y mientras est\u00e1n con estas (y con lo de hacer p\u00fablico el patrimonio de diputados y senadores, que es otro apa\u00f1o para aliviar la conciencia y hacernos creer que diputado y minero -o plantador de pepinos- vienen a ser parecido), el Tribunal Constitucional se les descompone entre las manos, incapaces de tener m\u00e1s perspectiva que la de sus ombligos -y sus culos-. No me extra\u00f1a nada que la gente, sobre todo la m\u00e1s joven, pase de todo y cambie ir a votar por irse a la playa de botell\u00f3n o a acampar entre cartones y sillones viejos a una plaza.<\/p>\n<p>(Por cierto, que me importa un bledo que me tachen de demagogo o que digan que s\u00f3lo hablo de una parte de la labor de los parlamentarios. Esto es lo que hay, lo que la ciudadan\u00eda ve, y lo que al fin y a la postre cuenta. Incluso si los diputados y los senadores se pasan el fin de semana en sus circunscripciones atendiendo a los electores, que no creo).<\/p>\n","protected":false},"excerpt":{"rendered":"<p>Parece ser que el presidente del Congreso anda d\u00e1ndole vueltas a c\u00f3mo hacer para que los d\u00edas de los plenos pasen de ser tres a ser dos. Una de dos: o la carga de trabajo del parlamento es poca, o no quiere Bono que a los diputados se les tensione el cuello de quedarse dormidos [&#8230;]<\/p>\n","protected":false},"author":2,"featured_media":0,"comment_status":"open","ping_status":"open","sticky":false,"template":"","format":"standard","meta":{"footnotes":""},"categories":[3],"tags":[25,26],"class_list":["post-248","post","type-post","status-publish","format-standard","hentry","category-general","tag-parlamento","tag-politica"],"_links":{"self":[{"href":"https:\/\/www.opinioneslibres.es\/apesardetodo\/index.php?rest_route=\/wp\/v2\/posts\/248","targetHints":{"allow":["GET"]}}],"collection":[{"href":"https:\/\/www.opinioneslibres.es\/apesardetodo\/index.php?rest_route=\/wp\/v2\/posts"}],"about":[{"href":"https:\/\/www.opinioneslibres.es\/apesardetodo\/index.php?rest_route=\/wp\/v2\/types\/post"}],"author":[{"embeddable":true,"href":"https:\/\/www.opinioneslibres.es\/apesardetodo\/index.php?rest_route=\/wp\/v2\/users\/2"}],"replies":[{"embeddable":true,"href":"https:\/\/www.opinioneslibres.es\/apesardetodo\/index.php?rest_route=%2Fwp%2Fv2%2Fcomments&post=248"}],"version-history":[{"count":0,"href":"https:\/\/www.opinioneslibres.es\/apesardetodo\/index.php?rest_route=\/wp\/v2\/posts\/248\/revisions"}],"wp:attachment":[{"href":"https:\/\/www.opinioneslibres.es\/apesardetodo\/index.php?rest_route=%2Fwp%2Fv2%2Fmedia&parent=248"}],"wp:term":[{"taxonomy":"category","embeddable":true,"href":"https:\/\/www.opinioneslibres.es\/apesardetodo\/index.php?rest_route=%2Fwp%2Fv2%2Fcategories&post=248"},{"taxonomy":"post_tag","embeddable":true,"href":"https:\/\/www.opinioneslibres.es\/apesardetodo\/index.php?rest_route=%2Fwp%2Fv2%2Ftags&post=248"}],"curies":[{"name":"wp","href":"https:\/\/api.w.org\/{rel}","templated":true}]}}