{"id":254,"date":"2011-06-27T12:25:22","date_gmt":"2011-06-27T10:25:22","guid":{"rendered":"https:\/\/www.opinioneslibres.es\/apesardetodo\/?p=254"},"modified":"2011-06-27T12:25:22","modified_gmt":"2011-06-27T10:25:22","slug":"ninos-con-mala-educacion","status":"publish","type":"post","link":"https:\/\/www.opinioneslibres.es\/apesardetodo\/?p=254","title":{"rendered":"Ni\u00f1os con mala educaci\u00f3n"},"content":{"rendered":"<p>Cuando yo era chaval y sal\u00eda con mis padres de terrazas, cualquier molestia a los que ocupaban las mesas aleda\u00f1as a la suya con nuestros juegos (somos cuatro hermanos, tres con edades condensadas en dos a\u00f1os y medio) iba acompa\u00f1ada de un severo castigo. Eran otros tiempos, los de los curas de La Salle d\u00e1ndote capones si alborotabas en clase, y los de tu padre d\u00e1ndote m\u00e1s si se enteraba. Cuando la hora se ped\u00eda por favor y diciendo se\u00f1or, y en los bares todav\u00eda te pon\u00edan un vaso de agua porque hab\u00eda mesura para pedirlos y con uno nos arregl\u00e1bamos tres.<\/p>\n<p>Ahora los padres, cuando salen de paseo, pasan de sus hijos y de lo que hagan. Y que no se te ocurra llamarle la atenci\u00f3n al energ\u00fameno que est\u00e1 d\u00e1ndote pelotazos o correteando por tu mesa, que lo mismo al que le parten la cara es a ti. El s\u00e1bado, un grupo de se\u00f1ores y se\u00f1ores le re\u00edan la gracia a un par de cr\u00edos que hab\u00edan sorteado la valla y estaban aupados a la \u00abRosa de los Vientos\u00bb en Piqu\u00edo, un monumento de piedra que ya estaba all\u00ed cuando yo nac\u00ed y que si est\u00e1 protegido ser\u00e1 por algo. El domingo, a la hora de la siesta, un pu\u00f1etero ni\u00f1o chino iba corriendo por mi calle intentando atrapar p\u00e1jaros dando unos alaridos como si lo estuvieran matando. Por la tarde, en una terraza donde me hab\u00edan cobrado 10 euros por dos batidos, me tuve que cambiar de mesa para librarme de dos criajos que se tiraban un bal\u00f3n con nuestras sillas de porter\u00eda mientras sus pap\u00e1s ligaban el uno con la otra dos metros m\u00e1s all\u00e1.<\/p>\n<p>No hay respeto. Los ni\u00f1os son maleducados y est\u00e1n mal educados, y sus padres son unos irresponsables ego\u00edstas que para abstraerse de la carga de tener hijos les dejan a su libre albedr\u00edo para que les soportemos los dem\u00e1s. No digo yo que haya que regresar a la \u00e9poca en la que a los padres se les trataba de usted, o cuando un buen bofet\u00f3n se llevaba el aplauso un\u00e1nime de progenitores y maestros, incluso cuando los cinturones de piel se estropeaban m\u00e1s por pegar zurriagazos a diestro y siniestro que por apretar pantalones, pero un poco m\u00e1s de cintura para que ni\u00f1os y ni\u00f1as no molesten tanto ya pod\u00eda volver a haber. Me conformo con no tener que ser yo quien les llame la atenci\u00f3n por hacer el bestia a mi alrededor, que no les soporto ni tengo por qu\u00e9 hacerlo. Y que quede claro que la culpa es de los padres, que los ni\u00f1os ni\u00f1os son.<\/p>\n","protected":false},"excerpt":{"rendered":"<p>Cuando yo era chaval y sal\u00eda con mis padres de terrazas, cualquier molestia a los que ocupaban las mesas aleda\u00f1as a la suya con nuestros juegos (somos cuatro hermanos, tres con edades condensadas en dos a\u00f1os y medio) iba acompa\u00f1ada de un severo castigo. Eran otros tiempos, los de los curas de La Salle d\u00e1ndote [&#8230;]<\/p>\n","protected":false},"author":2,"featured_media":0,"comment_status":"open","ping_status":"open","sticky":false,"template":"","format":"standard","meta":{"footnotes":""},"categories":[3],"tags":[7],"class_list":["post-254","post","type-post","status-publish","format-standard","hentry","category-general","tag-civismo"],"_links":{"self":[{"href":"https:\/\/www.opinioneslibres.es\/apesardetodo\/index.php?rest_route=\/wp\/v2\/posts\/254","targetHints":{"allow":["GET"]}}],"collection":[{"href":"https:\/\/www.opinioneslibres.es\/apesardetodo\/index.php?rest_route=\/wp\/v2\/posts"}],"about":[{"href":"https:\/\/www.opinioneslibres.es\/apesardetodo\/index.php?rest_route=\/wp\/v2\/types\/post"}],"author":[{"embeddable":true,"href":"https:\/\/www.opinioneslibres.es\/apesardetodo\/index.php?rest_route=\/wp\/v2\/users\/2"}],"replies":[{"embeddable":true,"href":"https:\/\/www.opinioneslibres.es\/apesardetodo\/index.php?rest_route=%2Fwp%2Fv2%2Fcomments&post=254"}],"version-history":[{"count":0,"href":"https:\/\/www.opinioneslibres.es\/apesardetodo\/index.php?rest_route=\/wp\/v2\/posts\/254\/revisions"}],"wp:attachment":[{"href":"https:\/\/www.opinioneslibres.es\/apesardetodo\/index.php?rest_route=%2Fwp%2Fv2%2Fmedia&parent=254"}],"wp:term":[{"taxonomy":"category","embeddable":true,"href":"https:\/\/www.opinioneslibres.es\/apesardetodo\/index.php?rest_route=%2Fwp%2Fv2%2Fcategories&post=254"},{"taxonomy":"post_tag","embeddable":true,"href":"https:\/\/www.opinioneslibres.es\/apesardetodo\/index.php?rest_route=%2Fwp%2Fv2%2Ftags&post=254"}],"curies":[{"name":"wp","href":"https:\/\/api.w.org\/{rel}","templated":true}]}}