{"id":259,"date":"2011-07-05T10:08:06","date_gmt":"2011-07-05T08:08:06","guid":{"rendered":"https:\/\/www.opinioneslibres.es\/apesardetodo\/?p=259"},"modified":"2011-07-05T10:08:06","modified_gmt":"2011-07-05T08:08:06","slug":"tres-caras","status":"publish","type":"post","link":"https:\/\/www.opinioneslibres.es\/apesardetodo\/?p=259","title":{"rendered":"Tres caras"},"content":{"rendered":"<p>Si la cara es reflejo del estado del alma, la de tres pol\u00edticos regionales las semanas pasadas me parece a m\u00ed que advierte, adem\u00e1s, c\u00f3mo deben de andar en sus partidos, entre fiestas, sollozos y velatorios.<\/p>\n<p>La cara de <strong>Revilla<\/strong> durante el discurso de investidura del nuevo presidente era la de estar en un funeral. A Revilla, desde la noche del 22 de mayo, se le ha quedado cara de figura de pante\u00f3n. Estaba r\u00edgido, arrugado, ojeroso, tenso. Desde luego el trago no era para menos, viendo c\u00f3mo se le ha escurrido el juguete medi\u00e1tico de la presidencia y se ve, con los suyos, volviendo al duro invierno de la oposici\u00f3n despu\u00e9s de 16 a\u00f1os de verano de poder. Las reuniones del <strong>PRC<\/strong> tienen que ser un fiest\u00f3n de la pesadumbre al comp\u00e1s del tintineo de las navajas que se abren con cada sucesi\u00f3n. Porque Revilla est\u00e1 tan agotado como su rostro, por muchos asaltos a Madrid que pretenda.<\/p>\n<p>Las l\u00e1grimas de un <strong>\u00c1ngel Duque<\/strong> emocionado dejando la pol\u00edtica despu\u00e9s de una vida dedicada a su pueblo, son las del <strong>PSOE<\/strong> por el palo electoral. Duque ha sido un buen alcalde, un buen diputado, un hombre volcado en lo que siempre ha cre\u00eddo mejor para sus vecinos. Y a pesar de todo, le han pasado la garlopa en las urnas y le han mandado para casa. Vamos, como a tantos candidatos socialistas que han pagado el pato de un discurso nacional mal explicado y de la crisis que lo ha cubierto todo. Al PSOE le toca ahora superar el llanto con mucha autocr\u00edtica, generosidad inmensa y cero personalismos. Y despu\u00e9s del an\u00e1lisis y la reorientaci\u00f3n del rumbo, algunos, incluso de los que no han dicho nada, habr\u00edan de tomar el camino que ha tomado \u00c1ngel Duque.<\/p>\n<p>La sonrisa sin fin de <strong>Ignacio Diego<\/strong> en su toma de posesi\u00f3n, y en la de su gobierno, es al mismo tiempo la de un triunfo que estoy seguro no esperaban, y la de la sensaci\u00f3n de que las urnas les han hecho justicia. El <strong>PP<\/strong> est\u00e1 como embriagado de s\u00ed mismo, exultante y encantado de haberse conocido. Es normal, despu\u00e9s de la machada de sacar mayor\u00eda absoluta donde todo el mundo cre\u00eda (yo tambi\u00e9n) que las mayor\u00edas absolutas son imposibles. De todas formas, para gobernar har\u00e1 falta que cambien la mueca, no sea que se les quede la risa, a ellos y a nosotros, congelada, o convertida en esa que da con los ataques de p\u00e1nico mientras se sueltan los est\u00f3magos. Se juegan el cr\u00e9dito que los votantes les han dado, que suelen ser muy exigentes en el corto plazo y algo olvidadizos en el largo, y el presente m\u00e1s inmediato de Cantabria.<\/p>\n","protected":false},"excerpt":{"rendered":"<p>Si la cara es reflejo del estado del alma, la de tres pol\u00edticos regionales las semanas pasadas me parece a m\u00ed que advierte, adem\u00e1s, c\u00f3mo deben de andar en sus partidos, entre fiestas, sollozos y velatorios. La cara de Revilla durante el discurso de investidura del nuevo presidente era la de estar en un funeral. [&#8230;]<\/p>\n","protected":false},"author":2,"featured_media":0,"comment_status":"open","ping_status":"open","sticky":false,"template":"","format":"standard","meta":{"footnotes":""},"categories":[3],"tags":[6,25,26],"class_list":["post-259","post","type-post","status-publish","format-standard","hentry","category-general","tag-cantabria","tag-parlamento","tag-politica"],"_links":{"self":[{"href":"https:\/\/www.opinioneslibres.es\/apesardetodo\/index.php?rest_route=\/wp\/v2\/posts\/259","targetHints":{"allow":["GET"]}}],"collection":[{"href":"https:\/\/www.opinioneslibres.es\/apesardetodo\/index.php?rest_route=\/wp\/v2\/posts"}],"about":[{"href":"https:\/\/www.opinioneslibres.es\/apesardetodo\/index.php?rest_route=\/wp\/v2\/types\/post"}],"author":[{"embeddable":true,"href":"https:\/\/www.opinioneslibres.es\/apesardetodo\/index.php?rest_route=\/wp\/v2\/users\/2"}],"replies":[{"embeddable":true,"href":"https:\/\/www.opinioneslibres.es\/apesardetodo\/index.php?rest_route=%2Fwp%2Fv2%2Fcomments&post=259"}],"version-history":[{"count":0,"href":"https:\/\/www.opinioneslibres.es\/apesardetodo\/index.php?rest_route=\/wp\/v2\/posts\/259\/revisions"}],"wp:attachment":[{"href":"https:\/\/www.opinioneslibres.es\/apesardetodo\/index.php?rest_route=%2Fwp%2Fv2%2Fmedia&parent=259"}],"wp:term":[{"taxonomy":"category","embeddable":true,"href":"https:\/\/www.opinioneslibres.es\/apesardetodo\/index.php?rest_route=%2Fwp%2Fv2%2Fcategories&post=259"},{"taxonomy":"post_tag","embeddable":true,"href":"https:\/\/www.opinioneslibres.es\/apesardetodo\/index.php?rest_route=%2Fwp%2Fv2%2Ftags&post=259"}],"curies":[{"name":"wp","href":"https:\/\/api.w.org\/{rel}","templated":true}]}}