{"id":26,"date":"2009-06-08T10:57:51","date_gmt":"2009-06-08T08:57:51","guid":{"rendered":"https:\/\/www.opinioneslibres.es\/apesardetodo\/?p=26"},"modified":"2009-06-08T10:57:51","modified_gmt":"2009-06-08T08:57:51","slug":"elecciones-europeas","status":"publish","type":"post","link":"https:\/\/www.opinioneslibres.es\/apesardetodo\/?p=26","title":{"rendered":"Elecciones \u00bfeuropeas?"},"content":{"rendered":"<p style=\"text-align: justify;\">He le\u00eddo en alg\u00fan sitio que ha pasado con las elecciones europeas justamente lo que los dos grandes partidos quer\u00edan que pasara: que se movilizaran los suyos, que los resultados tuvieran lectura en clave interna, y (a\u00f1ado yo) que a Europa le den por el saco. Se mire por donde se mire, esta convocatoria ha sido un fiasco para los ciudadanos y para la pobre Europa, a cuyas espaldas han cargado la cuenta de los navajazos traperos de los 15 d\u00edas de campa\u00f1a, del sopor de los candidatos de trapo que han puesto la cara en los carteles, de la inopia en la que seguimos sobre qu\u00e9 es Europa y para qu\u00e9 sirve, y supongo que de lo que se nos avecina los pr\u00f3ximos meses con el runr\u00fan y la pelea en torno a eso del \u00abcambio de ciclo\u00bb que los datos algunos dicen se\u00f1alan en el horizonte.<\/p>\n<p style=\"text-align: justify;\">Como siempre, nadie ha perdido y todos han ganado. Que si el resultado apuntala el liderazgo de no s\u00e9 qui\u00e9n, que si la derrota pone contra a la cuerdas a no s\u00e9 qu\u00e9 otro, que si la diferencia no es para tanto, que si el retroceso de los gobiernos ha sido general en todas partes, que si el resultado del segundo es el mejor de los iguales en Europa. Vamos, que m\u00e1s champ\u00e1n y que siga la fiesta, que aqu\u00ed no ha pasado nada. O s\u00ed, pero los gritos y el crujir de dientes de los que han quedado peor quedar\u00e1n escondidos detr\u00e1s de sonrisas y palmaditas en el hombro, mientras los que han quedado mejor se pasar\u00e1n ahora semanas y meses tirando cohetes y dando el co\u00f1azo. Y mientras, los ciudadanos seguiremos sabiendo m\u00e1s bien poco de Europa, porque a los\u00a0 grandes partidos no les ha interesado explic\u00e1rnoslo.<\/p>\n<p style=\"text-align: justify;\">Dicen que de haberlo hecho, la participaci\u00f3n hubiera sido m\u00e1s baja a\u00fan. Puede ser, pero al menos se habr\u00eda hecho lo que hab\u00eda que hacer: didactismo con Europa. Hoy m\u00e1s gente sabr\u00eda cu\u00e1ndo se elige al Presidente de la Uni\u00f3n, por qu\u00e9 ha bajado el n\u00famero de diputados espa\u00f1oles, a qu\u00e9 se dedica Solana, para qu\u00e9 sirve la Comisi\u00f3n Europea y los Comisarios, cu\u00e1nto van a ganar los eurodiputados,&#8230; Puede que nos siguiera a todos importando un pito, pero nadie podr\u00eda reprochar a nuestros responsables pol\u00edticos no habernos contando de qu\u00e9 va esto cuando la pr\u00f3xima decisi\u00f3n del Parlamento Europeo afecte, por ejemplo, a las pensiones, o a las medidas para fomentar el empleo o a las pol\u00edticas sociales.<\/p>\n","protected":false},"excerpt":{"rendered":"<p>He le\u00eddo en alg\u00fan sitio que ha pasado con las elecciones europeas justamente lo que los dos grandes partidos quer\u00edan que pasara: que se movilizaran los suyos, que los resultados tuvieran lectura en clave interna, y (a\u00f1ado yo) que a Europa le den por el saco. Se mire por donde se mire, esta convocatoria ha [&#8230;]<\/p>\n","protected":false},"author":2,"featured_media":0,"comment_status":"open","ping_status":"open","sticky":false,"template":"","format":"standard","meta":{"footnotes":""},"categories":[3],"tags":[13,15,26],"class_list":["post-26","post","type-post","status-publish","format-standard","hentry","category-general","tag-elecciones","tag-europa","tag-politica"],"_links":{"self":[{"href":"https:\/\/www.opinioneslibres.es\/apesardetodo\/index.php?rest_route=\/wp\/v2\/posts\/26","targetHints":{"allow":["GET"]}}],"collection":[{"href":"https:\/\/www.opinioneslibres.es\/apesardetodo\/index.php?rest_route=\/wp\/v2\/posts"}],"about":[{"href":"https:\/\/www.opinioneslibres.es\/apesardetodo\/index.php?rest_route=\/wp\/v2\/types\/post"}],"author":[{"embeddable":true,"href":"https:\/\/www.opinioneslibres.es\/apesardetodo\/index.php?rest_route=\/wp\/v2\/users\/2"}],"replies":[{"embeddable":true,"href":"https:\/\/www.opinioneslibres.es\/apesardetodo\/index.php?rest_route=%2Fwp%2Fv2%2Fcomments&post=26"}],"version-history":[{"count":0,"href":"https:\/\/www.opinioneslibres.es\/apesardetodo\/index.php?rest_route=\/wp\/v2\/posts\/26\/revisions"}],"wp:attachment":[{"href":"https:\/\/www.opinioneslibres.es\/apesardetodo\/index.php?rest_route=%2Fwp%2Fv2%2Fmedia&parent=26"}],"wp:term":[{"taxonomy":"category","embeddable":true,"href":"https:\/\/www.opinioneslibres.es\/apesardetodo\/index.php?rest_route=%2Fwp%2Fv2%2Fcategories&post=26"},{"taxonomy":"post_tag","embeddable":true,"href":"https:\/\/www.opinioneslibres.es\/apesardetodo\/index.php?rest_route=%2Fwp%2Fv2%2Ftags&post=26"}],"curies":[{"name":"wp","href":"https:\/\/api.w.org\/{rel}","templated":true}]}}