{"id":275,"date":"2011-08-31T12:08:29","date_gmt":"2011-08-31T10:08:29","guid":{"rendered":"https:\/\/www.opinioneslibres.es\/apesardetodo\/?p=275"},"modified":"2011-08-31T12:08:29","modified_gmt":"2011-08-31T10:08:29","slug":"pantalones-cortos-para-bono","status":"publish","type":"post","link":"https:\/\/www.opinioneslibres.es\/apesardetodo\/?p=275","title":{"rendered":"Pantalones cortos para Bono"},"content":{"rendered":"<p>Jos\u00e9 Bono es un tipo singular. A m\u00ed me parece un resabido que habla con ese lenguaje de cura castellano entre chistoso y polvoriento que evoca el olor a cuero rancio y a moho. No estoy muy seguro de que pueda ten\u00e9rsele en el PSOE por un l\u00edder de opini\u00f3n, por mucho que casi le ganara a ZP la secretar\u00eda general. Yo creo que cansa un poco con sus sentencias y su darse importancia, pero vamos, que si sigue por ah\u00ed arriba ser\u00e1 por algo (a veces tener ocupado a alguien con alguna cosa menor es la mejor manera de quit\u00e1rselo de encima para lo importante).<\/p>\n<p>Ha dado tanto la murga con el asunto de la corbata del ministro Sebastian, que yo, que no soy nada partidario de don Miguel (esa foto con la camiseta de la selecci\u00f3n espa\u00f1ola y la bombilla de bajo consumo es digna de un poster de taller de reparaciones), he terminado por sentirme solidario. Hasta hab\u00eda pensado enviarles a ambos unas corbatas de Unquera. A Bono para que se endulce un poco la vida, que de ir tan tieso y tan regalado de s\u00ed mismo un d\u00eda le va a dar un baj\u00f3n de az\u00facar. Y al ministro, pues para que se lo tome a guasa y en el pr\u00f3ximo responso que le caiga del presidente del Congreso tenga con qu\u00e9 pasar mejor el trago (el orujo que lo ponga \u00e9l).<\/p>\n<p>Y a cuenta de la corbata, el plomo de Bono, con eso tan \u00f1o\u00f1o del decoro en el vestir, ha ido a caer sobre los periodistas, a algunos de los cuales ha expulsado del Parlamento por no ir suficientemente arreglados. El presidente persigue pantalones, faldas y camisetas por los pasillos, mientras deja que los grupos pol\u00edticos sigan maltratando a la soberan\u00eda popular con su desidia y su falta de responsabilidad. A m\u00ed ni se me pasar\u00eda por la cabeza impedir a un periodista informar de lo que se hace en la casa de todos (que es un derecho constitucional para el que da la informaci\u00f3n y para el que la recibe). Pero hasta Bono puede tener claro que ocupando yo su puesto, a fecha de hoy no ser\u00eda por no haberlo denunciado que 4 magistrados del Tribunal Constitucional, 12 del Tribunal de Cuentas, 6 miembros del Consejo de RTVE y el Defensor del Pueblo siguieran sin renovarse porque los principales partidos de la C\u00e1mara tienen el sentido de Estado tan corto como los pantalones vaqueros de algunos informadores.<\/p>\n<p>La fijaci\u00f3n de Jos\u00e9 Bono con los ropajes en el Congreso no ayuda a que la ciudadan\u00eda tenga otra percepci\u00f3n m\u00e1s positiva del Parlamento. Entre esca\u00f1os vacios, debates aburridos y parlamentarios poco trabajadores, esto del decoro en el vestir (las monjas obligan en algunos sitios a llevar falda plisada a las chicas y corbata y pantal\u00f3n que pica a los chicos) es una soberana tonter\u00eda que si acaso provoca la risa de los que cada d\u00eda que pasa nos creemos menos el sistema.<\/p>\n","protected":false},"excerpt":{"rendered":"<p>Jos\u00e9 Bono es un tipo singular. A m\u00ed me parece un resabido que habla con ese lenguaje de cura castellano entre chistoso y polvoriento que evoca el olor a cuero rancio y a moho. No estoy muy seguro de que pueda ten\u00e9rsele en el PSOE por un l\u00edder de opini\u00f3n, por mucho que casi le [&#8230;]<\/p>\n","protected":false},"author":2,"featured_media":0,"comment_status":"open","ping_status":"open","sticky":false,"template":"","format":"standard","meta":{"footnotes":""},"categories":[3],"tags":[12,25,26],"class_list":["post-275","post","type-post","status-publish","format-standard","hentry","category-general","tag-democracia","tag-parlamento","tag-politica"],"_links":{"self":[{"href":"https:\/\/www.opinioneslibres.es\/apesardetodo\/index.php?rest_route=\/wp\/v2\/posts\/275","targetHints":{"allow":["GET"]}}],"collection":[{"href":"https:\/\/www.opinioneslibres.es\/apesardetodo\/index.php?rest_route=\/wp\/v2\/posts"}],"about":[{"href":"https:\/\/www.opinioneslibres.es\/apesardetodo\/index.php?rest_route=\/wp\/v2\/types\/post"}],"author":[{"embeddable":true,"href":"https:\/\/www.opinioneslibres.es\/apesardetodo\/index.php?rest_route=\/wp\/v2\/users\/2"}],"replies":[{"embeddable":true,"href":"https:\/\/www.opinioneslibres.es\/apesardetodo\/index.php?rest_route=%2Fwp%2Fv2%2Fcomments&post=275"}],"version-history":[{"count":0,"href":"https:\/\/www.opinioneslibres.es\/apesardetodo\/index.php?rest_route=\/wp\/v2\/posts\/275\/revisions"}],"wp:attachment":[{"href":"https:\/\/www.opinioneslibres.es\/apesardetodo\/index.php?rest_route=%2Fwp%2Fv2%2Fmedia&parent=275"}],"wp:term":[{"taxonomy":"category","embeddable":true,"href":"https:\/\/www.opinioneslibres.es\/apesardetodo\/index.php?rest_route=%2Fwp%2Fv2%2Fcategories&post=275"},{"taxonomy":"post_tag","embeddable":true,"href":"https:\/\/www.opinioneslibres.es\/apesardetodo\/index.php?rest_route=%2Fwp%2Fv2%2Ftags&post=275"}],"curies":[{"name":"wp","href":"https:\/\/api.w.org\/{rel}","templated":true}]}}