{"id":299,"date":"2011-10-19T12:49:41","date_gmt":"2011-10-19T10:49:41","guid":{"rendered":"https:\/\/www.opinioneslibres.es\/apesardetodo\/?p=299"},"modified":"2011-10-19T12:49:41","modified_gmt":"2011-10-19T10:49:41","slug":"con-cambiar-la-web-no-basta","status":"publish","type":"post","link":"https:\/\/www.opinioneslibres.es\/apesardetodo\/?p=299","title":{"rendered":"Con cambiar la web no basta"},"content":{"rendered":"<p>El Parlamento va a renovar su web. O eso parece, si la campa\u00f1a que alg\u00fan peri\u00f3dico regional ha lanzado contra la idea no hace temblar la decisi\u00f3n hasta derrumbarla. Han previsto gastarse m\u00e1s de 320.000 euros (casi 54 millones de pesetas) en abrir ese mundo cr\u00edptico y aburrido que es la actividad parlamentaria a las nuevas formas de comunicaci\u00f3n de la ciudadan\u00eda que son los blogs y las redes sociales. De paso, quieren mejorar el canal on line de los plenos, que son un tostonazo que seguro no generan mucho tr\u00e1fico en la red.<\/p>\n<p>Yo soy esc\u00e9ptico. No tanto por el coste, que s\u00f3lo siendo elevado garantiza algo digno para una instituci\u00f3n como el Parlamento (hoy cualquier puede tener una p\u00e1gina web de andar por casa hecha con m\u00e1s voluntad que gusto), aunque el dispendio este cuadra poco con el discurso de la austeridad y la contenci\u00f3n, tan de moda. Lo que me temo es que la nueva y cara web sirva para lo mismo que para lo que sirve la actual: para nada.<\/p>\n<p>\u00bfCu\u00e1ntos diputados que no lo tengan ya \u2013hay varios- van a crearse ahora un blog para contar sus andanzas por el Parlamento? Un blog atractivo requiere esfuerzo y dedicaci\u00f3n, e inter\u00e9s. Si sus se\u00f1or\u00edas no lo han tenido hasta ahora, no creo yo que 324.000 euros en una herramienta que les deja un hueco para explicarse vayan a gener\u00e1rselo. El que lo intente con desgana parir\u00e1 una cutrez. Y como la fama les precede, tampoco veo yo los contadores de sus blogs dispar\u00e1ndose con miles de visitas, ni siquiera con cientos. La inclinaci\u00f3n de los usuarios tecnol\u00f3gicos a la hora de leer ciberhistorias se mueve por otros derroteros, y un pol\u00edtico con un blog no deja de ser un pol\u00edtico.<\/p>\n<p>Con las redes sociales puede pasar tres cuartos de lo mismo. Los representantes de los ciudadanos deben llegar al parlamento con una tupida red de relaciones ya construida, que debe ser adem\u00e1s tangible. Con las listas cerradas no ha sido dif\u00edcil que a veces se hayan colado autistas sociales en la c\u00e1mara, de los que por mucho blog y mucho facebook que usaran no sumar\u00edan m\u00e1s seguidores que los que les prestan los partidos que los presentan. Es un adelanto que los diputados vayan a poder usar las herramientas que cualquiera tenemos a nuestro alcance hace tiempo para comunicarnos con nuestro cibermundo y contar, en tiempo real, de qu\u00e9 vamos y qu\u00e9 hacemos. Pero como con el blog, un diputado o diputada sin arte ni inter\u00e9s sincero metido en las redes sociales tecnol\u00f3gicas aporta m\u00e1s bien poco al conocimiento general de los ciudadanos.<\/p>\n<p>La nueva web que el Parlamento quiere subir a la red podr\u00e1 ser la repera de la comunicaci\u00f3n, y pretender generar mucho feedback con la ciudadan\u00eda. Otra cosa es que llegue a cumplir ese objetivo. En el imaginario colectivo, los parlamentos quedan lejos, los parlamentarios son un co\u00f1azo, y su trabajo es poco y est\u00e1 disperso. Por muchos 324.000 euros que el nuestro se vaya a pulir ahora en pintar la mona de seda, mona se va a quedar. Y los mejores blogs de los diputados ser\u00e1n los que no se hagan, y las mejores redes las que no se creen. Para acercar el parlamento a la calle, una p\u00e1gina en internet que vaya con los tiempos est\u00e1 muy bien, pero lo que de verdad estar\u00eda bien es cambiar el lenguaje y mejorar la actitud. S\u00f3lo un parlamento m\u00e1s accesible en sus funciones y contenido puede provocar colas hasta en la red.<\/p>\n","protected":false},"excerpt":{"rendered":"<p>El Parlamento va a renovar su web. O eso parece, si la campa\u00f1a que alg\u00fan peri\u00f3dico regional ha lanzado contra la idea no hace temblar la decisi\u00f3n hasta derrumbarla. Han previsto gastarse m\u00e1s de 320.000 euros (casi 54 millones de pesetas) en abrir ese mundo cr\u00edptico y aburrido que es la actividad parlamentaria a las [&#8230;]<\/p>\n","protected":false},"author":2,"featured_media":0,"comment_status":"open","ping_status":"open","sticky":false,"template":"","format":"standard","meta":{"footnotes":""},"categories":[3],"tags":[25,34],"class_list":["post-299","post","type-post","status-publish","format-standard","hentry","category-general","tag-parlamento","tag-tecnologia"],"_links":{"self":[{"href":"https:\/\/www.opinioneslibres.es\/apesardetodo\/index.php?rest_route=\/wp\/v2\/posts\/299","targetHints":{"allow":["GET"]}}],"collection":[{"href":"https:\/\/www.opinioneslibres.es\/apesardetodo\/index.php?rest_route=\/wp\/v2\/posts"}],"about":[{"href":"https:\/\/www.opinioneslibres.es\/apesardetodo\/index.php?rest_route=\/wp\/v2\/types\/post"}],"author":[{"embeddable":true,"href":"https:\/\/www.opinioneslibres.es\/apesardetodo\/index.php?rest_route=\/wp\/v2\/users\/2"}],"replies":[{"embeddable":true,"href":"https:\/\/www.opinioneslibres.es\/apesardetodo\/index.php?rest_route=%2Fwp%2Fv2%2Fcomments&post=299"}],"version-history":[{"count":0,"href":"https:\/\/www.opinioneslibres.es\/apesardetodo\/index.php?rest_route=\/wp\/v2\/posts\/299\/revisions"}],"wp:attachment":[{"href":"https:\/\/www.opinioneslibres.es\/apesardetodo\/index.php?rest_route=%2Fwp%2Fv2%2Fmedia&parent=299"}],"wp:term":[{"taxonomy":"category","embeddable":true,"href":"https:\/\/www.opinioneslibres.es\/apesardetodo\/index.php?rest_route=%2Fwp%2Fv2%2Fcategories&post=299"},{"taxonomy":"post_tag","embeddable":true,"href":"https:\/\/www.opinioneslibres.es\/apesardetodo\/index.php?rest_route=%2Fwp%2Fv2%2Ftags&post=299"}],"curies":[{"name":"wp","href":"https:\/\/api.w.org\/{rel}","templated":true}]}}