{"id":304,"date":"2011-11-06T15:58:26","date_gmt":"2011-11-06T13:58:26","guid":{"rendered":"https:\/\/www.opinioneslibres.es\/apesardetodo\/?p=304"},"modified":"2011-11-06T15:58:26","modified_gmt":"2011-11-06T13:58:26","slug":"la-carpeta","status":"publish","type":"post","link":"https:\/\/www.opinioneslibres.es\/apesardetodo\/?p=304","title":{"rendered":"La carpeta"},"content":{"rendered":"<p>No sigo las comparecencias de la comisi\u00f3n que investiga lo de GFB, pero una foto de la de \u00c1ngel Agudo me ha llamado la atenci\u00f3n: llevaba sus apuntes en una carpeta de Correos, de donde es presidente desde hace unas semanas. La colgu\u00e9 en tuiter, y algunos de mis seguidores m\u00e1s cachondos apuntaron que quiz\u00e1 el exconsejero se hab\u00eda acercado al Parlamento en una Vespa amarilla, y que incluso pudiera haber regalado sellos conmemorativos a los diputados de la comisi\u00f3n. Para que luego digan que el sentido del humor y la mala baba es s\u00f3lo cosa del sur.<\/p>\n<p><img loading=\"lazy\" decoding=\"async\" class=\"size-medium wp-image-314  alignleft\" style=\"margin-left: 10px; margin-right: 10px;\" title=\"Agudo en la comisi\u00f3n sobre GFB\" src=\"https:\/\/www.opinioneslibres.es\/apesardetodo\/wp-content\/uploads\/2011\/11\/agudo_comisiongfb_carpeta211-300x199.jpg\" alt=\"Foto original: DM\" width=\"313\" height=\"207\" \/><\/p>\n<p>Usar carpetas corporativas es una costumbre de todas las empresas, que saben que una imagen cuidada y un marketing bien calculado juegan un papel esencial en la captaci\u00f3n de negocio. Tambi\u00e9n en las instituciones es normal que las haya, y que se usen. Los altos cargos las llevan con sus papeles a reuniones y comparecencias, porque dan m\u00e1s seriedad que una de las de gomas de toda la vida con el asunto o el nombre de la instituci\u00f3n escritas a mano en la portada. Eso queda para los particulares que no tenemos t\u00edtulo nobiliario. Y quiz\u00e1 tambi\u00e9n debiera haberlo sido, en este caso, para Agudo, que no depon\u00eda en sede parlamentaria como responsable del ente del que llevaba una carpeta. Ya hubiera estado mal que hubiera usado una de la consejer\u00eda de la que ya no es responsable, pero ir con la de Correos parece un poco una chuler\u00eda. Incluso estando como estoy seguro de que no hab\u00eda m\u00e1s intencionalidad que la pr\u00e1ctica de llevar los documentos a resguardo.<\/p>\n<p>No es balad\u00ed el asunto, por mucho que pueda parecerlo. No s\u00f3lo porque estas cosas valen un dineral (la unidad no, pero el conjunto s\u00ed, y en tiempos de crisis se percibe m\u00e1s), sino porque trasladan la sensaci\u00f3n de que cuando alguien llega a un despacho oficial hace tan suyo todo lo que conlleva que termina arramblando hasta con las gomas de borrar. \u00bfQu\u00e9 pintaba una carpeta de Correos en el Parlamento de Cantabria? Nada. Los papeles pod\u00edan haber ido sueltos, o en una comprada para la ocasi\u00f3n y costeada por el compareciente, y no pagada con dinero p\u00fablico, como la que us\u00f3.<\/p>\n<p>Estas cosas, por desgracia, terminan siendo tan cotidianas que nadie les da importancia. Seguro que el exconsejero de Econom\u00eda tuvo toda su atenci\u00f3n puesta antes de comparecer en recoger lo m\u00e1s exactamente posible lo que quer\u00eda decir sobre GFB a los comisionados, y que ni se percat\u00f3 de lo inadecuado de llevarse debajo del brazo una carpeta del ente que ahora dirige. Lo que pasa es que de tan mec\u00e1nico que se hace, al final no es dif\u00edcil que la gente piense que en esto de coger y usar se empieza por una carpeta y se acaba por algo de haya en la caja.<\/p>\n","protected":false},"excerpt":{"rendered":"<p>No sigo las comparecencias de la comisi\u00f3n que investiga lo de GFB, pero una foto de la de \u00c1ngel Agudo me ha llamado la atenci\u00f3n: llevaba sus apuntes en una carpeta de Correos, de donde es presidente desde hace unas semanas. La colgu\u00e9 en tuiter, y algunos de mis seguidores m\u00e1s cachondos apuntaron que quiz\u00e1 [&#8230;]<\/p>\n","protected":false},"author":2,"featured_media":0,"comment_status":"open","ping_status":"open","sticky":false,"template":"","format":"standard","meta":{"footnotes":""},"categories":[3],"tags":[],"class_list":["post-304","post","type-post","status-publish","format-standard","hentry","category-general"],"_links":{"self":[{"href":"https:\/\/www.opinioneslibres.es\/apesardetodo\/index.php?rest_route=\/wp\/v2\/posts\/304","targetHints":{"allow":["GET"]}}],"collection":[{"href":"https:\/\/www.opinioneslibres.es\/apesardetodo\/index.php?rest_route=\/wp\/v2\/posts"}],"about":[{"href":"https:\/\/www.opinioneslibres.es\/apesardetodo\/index.php?rest_route=\/wp\/v2\/types\/post"}],"author":[{"embeddable":true,"href":"https:\/\/www.opinioneslibres.es\/apesardetodo\/index.php?rest_route=\/wp\/v2\/users\/2"}],"replies":[{"embeddable":true,"href":"https:\/\/www.opinioneslibres.es\/apesardetodo\/index.php?rest_route=%2Fwp%2Fv2%2Fcomments&post=304"}],"version-history":[{"count":0,"href":"https:\/\/www.opinioneslibres.es\/apesardetodo\/index.php?rest_route=\/wp\/v2\/posts\/304\/revisions"}],"wp:attachment":[{"href":"https:\/\/www.opinioneslibres.es\/apesardetodo\/index.php?rest_route=%2Fwp%2Fv2%2Fmedia&parent=304"}],"wp:term":[{"taxonomy":"category","embeddable":true,"href":"https:\/\/www.opinioneslibres.es\/apesardetodo\/index.php?rest_route=%2Fwp%2Fv2%2Fcategories&post=304"},{"taxonomy":"post_tag","embeddable":true,"href":"https:\/\/www.opinioneslibres.es\/apesardetodo\/index.php?rest_route=%2Fwp%2Fv2%2Ftags&post=304"}],"curies":[{"name":"wp","href":"https:\/\/api.w.org\/{rel}","templated":true}]}}