{"id":337,"date":"2012-02-12T15:45:29","date_gmt":"2012-02-12T15:45:29","guid":{"rendered":"https:\/\/www.opinioneslibres.es\/apesardetodo\/?p=337"},"modified":"2012-02-12T23:43:03","modified_gmt":"2012-02-12T23:43:03","slug":"los-indianos-en-la-palma","status":"publish","type":"post","link":"https:\/\/www.opinioneslibres.es\/apesardetodo\/?p=337","title":{"rendered":"Los Indianos en La Palma"},"content":{"rendered":"<p><a href=\"https:\/\/www.opinioneslibres.es\/apesardetodo\/wp-content\/uploads\/2012\/02\/indianos2.jpg\"><img loading=\"lazy\" decoding=\"async\" class=\"size-medium wp-image-338 alignleft\" title=\"Cartel de Los Indianos\" src=\"https:\/\/www.opinioneslibres.es\/apesardetodo\/wp-content\/uploads\/2012\/02\/indianos2-300x155.jpg\" alt=\"\" width=\"300\" height=\"155\" srcset=\"https:\/\/www.opinioneslibres.es\/apesardetodo\/wp-content\/uploads\/2012\/02\/indianos2-300x155.jpg 300w, https:\/\/www.opinioneslibres.es\/apesardetodo\/wp-content\/uploads\/2012\/02\/indianos2.jpg 600w\" sizes=\"auto, (max-width: 300px) 100vw, 300px\" \/><\/a>En la isla de La Palma (que es tan canaria como Tenerife, Gran Canaria o Lanzarote) cada lunes de carnaval celebran la fiesta de \u00ab<strong>Los Indianos<\/strong>\u00ab, un divertimento popular en el que el talco, las guayaberas y los trajes de \u00e9poca con blondas y sombrillas son los protagonistas. All\u00e1 por los a\u00f1os 80, los palmeros fusionaron la tradici\u00f3n de empolvarse en <em>carnestolendas<\/em> con el remedo del regreso a la isla de los que hab\u00edan emigrado a hacer las Am\u00e9ricas y volv\u00edan con dinero. Crearon un festejo que hoy est\u00e1 profundamente arraigado y que va ganando tanta fama en Canarias y fuera de ellas como la que tienen los carnavales de C\u00e1diz o los de Santa Cruz de Tenerife.<\/p>\n<p>Con la parodia del recibimiento a los indianos en el ayuntamiento de Santa Cruz de La Palma, la llegada de la <strong><em>Negra Tomasa<\/em><\/strong> al Puerto de la ciudad, y la Espera al son de la m\u00fasica cubana y de las degustaciones de ca\u00f1a de az\u00facar, melaza y mojito, empieza la fiesta. A partir de ese momento, \u00fanicamente el \u00abbuen rollo\u00bb est\u00e1 permitido. Eso y lanzar kilos de talco al aire, bailar guajiras, guarachas y congas, tocar la mar\u00edmbula, el tres cubano o las maracas, y recorrer las calles durante horas solamente divirti\u00e9ndose.<\/p>\n<p><a href=\"https:\/\/www.opinioneslibres.es\/apesardetodo\/wp-content\/uploads\/2012\/02\/Indianos1.jpg\"><img loading=\"lazy\" decoding=\"async\" class=\"alignright  wp-image-343\" title=\"Fiesta de Los Indianos\" src=\"https:\/\/www.opinioneslibres.es\/apesardetodo\/wp-content\/uploads\/2012\/02\/Indianos1-300x198.jpg\" alt=\"\" width=\"292\" height=\"193\" srcset=\"https:\/\/www.opinioneslibres.es\/apesardetodo\/wp-content\/uploads\/2012\/02\/Indianos1-300x198.jpg 300w, https:\/\/www.opinioneslibres.es\/apesardetodo\/wp-content\/uploads\/2012\/02\/Indianos1.jpg 400w\" sizes=\"auto, (max-width: 292px) 100vw, 292px\" \/><\/a>Tambi\u00e9n es obligatorio vestir adecuadamente. Los Indianos solamente son los indianos si los se\u00f1ores visten guayabera y pantal\u00f3n blanco, o traje de lino, con sombrero paname\u00f1o o de tela blanca, y las se\u00f1oras trajes de \u00e9poca tambi\u00e9n en blanco o en beige con encajes, pa\u00f1uelos con flores y abanicos.<\/p>\n<p>Los Indianos han convertido el Lunes de Carnaval en la isla de La Palma en la uni\u00f3n de la tradici\u00f3n, la idiosincrasia palmera y la diversi\u00f3n en un referente de la fiesta. La Isla de La Palma ha sabido hacer suya una celebraci\u00f3n en carnaval que antepone historia a modernidad, abierta y participativa, que debe ser la envidia de muchos pueblos. Polvos de talco, trajes del XIX, Cuba y ganas de pasarlo bien. Eso son Los Indianos\u00a0 (<a title=\"Los Indianos\" href=\"http:\/\/www.losindianos.es\/\" target=\"_blank\">http:\/\/www.losindianos.es<\/a>\/). Ojal\u00e1 en todas partes supieran hacer lo mismo, que no es otra cosa que traer la historia al presente y divertirse con ella.<\/p>\n<p>(Este post va dedicado con todo mi cari\u00f1o a cuatro palmeros en Madrid: Angelys Andreina, Silvia, Airam y a C\u00e9sar).<\/p>\n","protected":false},"excerpt":{"rendered":"<p>En la isla de La Palma (que es tan canaria como Tenerife, Gran Canaria o Lanzarote) cada lunes de carnaval celebran la fiesta de \u00abLos Indianos\u00ab, un divertimento popular en el que el talco, las guayaberas y los trajes de \u00e9poca con blondas y sombrillas son los protagonistas. All\u00e1 por los a\u00f1os 80, los palmeros [&#8230;]<\/p>\n","protected":false},"author":2,"featured_media":0,"comment_status":"open","ping_status":"closed","sticky":false,"template":"","format":"standard","meta":{"footnotes":""},"categories":[3],"tags":[],"class_list":["post-337","post","type-post","status-publish","format-standard","hentry","category-general"],"_links":{"self":[{"href":"https:\/\/www.opinioneslibres.es\/apesardetodo\/index.php?rest_route=\/wp\/v2\/posts\/337","targetHints":{"allow":["GET"]}}],"collection":[{"href":"https:\/\/www.opinioneslibres.es\/apesardetodo\/index.php?rest_route=\/wp\/v2\/posts"}],"about":[{"href":"https:\/\/www.opinioneslibres.es\/apesardetodo\/index.php?rest_route=\/wp\/v2\/types\/post"}],"author":[{"embeddable":true,"href":"https:\/\/www.opinioneslibres.es\/apesardetodo\/index.php?rest_route=\/wp\/v2\/users\/2"}],"replies":[{"embeddable":true,"href":"https:\/\/www.opinioneslibres.es\/apesardetodo\/index.php?rest_route=%2Fwp%2Fv2%2Fcomments&post=337"}],"version-history":[{"count":21,"href":"https:\/\/www.opinioneslibres.es\/apesardetodo\/index.php?rest_route=\/wp\/v2\/posts\/337\/revisions"}],"predecessor-version":[{"id":357,"href":"https:\/\/www.opinioneslibres.es\/apesardetodo\/index.php?rest_route=\/wp\/v2\/posts\/337\/revisions\/357"}],"wp:attachment":[{"href":"https:\/\/www.opinioneslibres.es\/apesardetodo\/index.php?rest_route=%2Fwp%2Fv2%2Fmedia&parent=337"}],"wp:term":[{"taxonomy":"category","embeddable":true,"href":"https:\/\/www.opinioneslibres.es\/apesardetodo\/index.php?rest_route=%2Fwp%2Fv2%2Fcategories&post=337"},{"taxonomy":"post_tag","embeddable":true,"href":"https:\/\/www.opinioneslibres.es\/apesardetodo\/index.php?rest_route=%2Fwp%2Fv2%2Ftags&post=337"}],"curies":[{"name":"wp","href":"https:\/\/api.w.org\/{rel}","templated":true}]}}