{"id":432,"date":"2012-06-20T00:43:08","date_gmt":"2012-06-20T00:43:08","guid":{"rendered":"https:\/\/www.opinioneslibres.es\/apesardetodo\/?p=432"},"modified":"2012-06-20T00:43:08","modified_gmt":"2012-06-20T00:43:08","slug":"trinidad-dando-vueltas-al-arroz","status":"publish","type":"post","link":"https:\/\/www.opinioneslibres.es\/apesardetodo\/?p=432","title":{"rendered":"Trinidad dando vueltas al arroz"},"content":{"rendered":"<p><a href=\"https:\/\/www.opinioneslibres.es\/apesardetodo\/wp-content\/uploads\/2012\/06\/TriniBolsoPaella2.jpg\"><img loading=\"lazy\" decoding=\"async\" class=\"alignleft  wp-image-443\" style=\"margin-left: 10px; margin-right: 10px;\" title=\"DIA DE LA ROSA EN LA LOCALIDAD DE BENAMOCARRA (M\u00c1LAGA)\" src=\"https:\/\/www.opinioneslibres.es\/apesardetodo\/wp-content\/uploads\/2012\/06\/TriniBolsoPaella2.jpg\" alt=\"\" width=\"312\" height=\"208\" \/><\/a>Dijo Alfonso Guerra una vez que \u00abel que se mueve no sale en la foto\u00bb. Este fin de semana, Trinidad Jim\u00e9nez ha hecho el <em>canelo<\/em> poni\u00e9ndose en una para salir, porque, a\u00f1ado a lo de Guerra, \u00absi no sales es que ya no est\u00e1s\u00bb. Pos\u00f3 en la \u00abFiesta de la Rosa\u00bb de M\u00e1laga (se prodigan mucho estos festejos de comilonas con militantes en una campa y mitin de <em>agitpro<\/em> de un <em>lidercillo<\/em> de segunda fila) revolviendo una paella sin soltar el bolso. Un posado forzado que cualquiera se huele es de un momento hasta que la c\u00e1mara haga click. Supongo que despu\u00e9s tambi\u00e9n se hizo alguna otra con un delantal llenando platos, y hasta de grupo a los postres con el caf\u00e9 y el helado mientras hablaba el jefe de turno.<\/p>\n<p>Esto de la imagen es otra de las servidumbres que tiene la pol\u00edtica. Cuanto m\u00e1s se salga, mejor, y da igual c\u00f3mo. Besando ni\u00f1os y abuelas, montando en bici o en burro, comprando puerros en el mercado, o preparando la comida para los adeptos con el bolso bajo el brazo. Lo que pasa es que la cosa no cuela, que los ciudadanos, cuando cogen el peri\u00f3dico y ven las fotos, se dan cuenta de que la compostura es tan forzada como la sonrisa llena de dientes que le acompa\u00f1a. A Trinidad Jim\u00e9nez, que lo cierto es que habla muy bien, se le nota un huevo que se coloc\u00f3 para la instant\u00e1nea. Al secretario de organizaci\u00f3n del PSOE tambi\u00e9n, pero a la exministra le ha perdido el bolso. O por mejor decir, dej\u00e1rselo puesto.<\/p>\n<p>El riesgo de ponerse delante de un objetivo es salir haciendo el rid\u00edculo. En el caso de los pol\u00edticos, que necesitan ponerse muchas veces en muchas situaciones, la posibilidad de hacerlo es alta, aunque a ellos les importe poco o se vean hasta graciosos. Adem\u00e1s siempre habr\u00e1 un palanganero que les diga que han salido de cine. La pol\u00edtica tiene cada d\u00eda m\u00e1s de circo medi\u00e1tico que de sustrato intelectual. Los flashes tiran mucho, y una foto a tres columnas en cualquier diario bien vale alguna que otra mofa, porque la necesidad est\u00e1 en que se vea que se sigue vivo.<\/p>\n<p>A mi no me gustan nada las fotos. Procuro salir en pocas, porque me veo fatal y nada favorecido. Ahora que cuando me pongo procuro que haya pocas cosas con las que me puedan hacer un chiste. Lo de Jim\u00e9nez son gajes de su oficio, y el precio de buscar mantener la fama. Con un poco m\u00e1s de vista, y menos prisa por salir, se habr\u00eda dado cuenta de que el complemento, en el conjunto, pegaba mucho el cante y dejaba claro que ni antes de la foto, ni seguro que despu\u00e9s, esas manos sosten\u00edan cuchar\u00f3n. A lo mejor deber\u00eda hacer como yo, pocas fotos y bien organizadas, aunque mucho me temo que para poder seguir viviendo de lo que vive no le quede otra que seguir saliendo como pueda siempre que pueda.<\/p>\n<p>(PD. Este art\u00edculo ser\u00eda el mismo si en vez de una mujer con un bolso en la foto de la <em>paellada<\/em> saliera un hombre con corbata).<\/p>\n","protected":false},"excerpt":{"rendered":"<p>Dijo Alfonso Guerra una vez que \u00abel que se mueve no sale en la foto\u00bb. Este fin de semana, Trinidad Jim\u00e9nez ha hecho el canelo poni\u00e9ndose en una para salir, porque, a\u00f1ado a lo de Guerra, \u00absi no sales es que ya no est\u00e1s\u00bb. Pos\u00f3 en la \u00abFiesta de la Rosa\u00bb de M\u00e1laga (se prodigan [&#8230;]<\/p>\n","protected":false},"author":2,"featured_media":0,"comment_status":"open","ping_status":"closed","sticky":false,"template":"","format":"standard","meta":{"footnotes":""},"categories":[3],"tags":[],"class_list":["post-432","post","type-post","status-publish","format-standard","hentry","category-general"],"_links":{"self":[{"href":"https:\/\/www.opinioneslibres.es\/apesardetodo\/index.php?rest_route=\/wp\/v2\/posts\/432","targetHints":{"allow":["GET"]}}],"collection":[{"href":"https:\/\/www.opinioneslibres.es\/apesardetodo\/index.php?rest_route=\/wp\/v2\/posts"}],"about":[{"href":"https:\/\/www.opinioneslibres.es\/apesardetodo\/index.php?rest_route=\/wp\/v2\/types\/post"}],"author":[{"embeddable":true,"href":"https:\/\/www.opinioneslibres.es\/apesardetodo\/index.php?rest_route=\/wp\/v2\/users\/2"}],"replies":[{"embeddable":true,"href":"https:\/\/www.opinioneslibres.es\/apesardetodo\/index.php?rest_route=%2Fwp%2Fv2%2Fcomments&post=432"}],"version-history":[{"count":13,"href":"https:\/\/www.opinioneslibres.es\/apesardetodo\/index.php?rest_route=\/wp\/v2\/posts\/432\/revisions"}],"predecessor-version":[{"id":448,"href":"https:\/\/www.opinioneslibres.es\/apesardetodo\/index.php?rest_route=\/wp\/v2\/posts\/432\/revisions\/448"}],"wp:attachment":[{"href":"https:\/\/www.opinioneslibres.es\/apesardetodo\/index.php?rest_route=%2Fwp%2Fv2%2Fmedia&parent=432"}],"wp:term":[{"taxonomy":"category","embeddable":true,"href":"https:\/\/www.opinioneslibres.es\/apesardetodo\/index.php?rest_route=%2Fwp%2Fv2%2Fcategories&post=432"},{"taxonomy":"post_tag","embeddable":true,"href":"https:\/\/www.opinioneslibres.es\/apesardetodo\/index.php?rest_route=%2Fwp%2Fv2%2Ftags&post=432"}],"curies":[{"name":"wp","href":"https:\/\/api.w.org\/{rel}","templated":true}]}}