{"id":456,"date":"2012-08-17T20:45:09","date_gmt":"2012-08-17T20:45:09","guid":{"rendered":"https:\/\/www.opinioneslibres.es\/apesardetodo\/?p=456"},"modified":"2012-08-20T20:51:32","modified_gmt":"2012-08-20T20:51:32","slug":"localismos-provincianos","status":"publish","type":"post","link":"https:\/\/www.opinioneslibres.es\/apesardetodo\/?p=456","title":{"rendered":"Localismos provincianos"},"content":{"rendered":"<p>&nbsp;<\/p>\n<div>Dentro de su pol\u00edtica de revisi\u00f3n de formas y procesos, se supone que para mejorar la eficiencia administrativa y la gesti\u00f3n de los dineros p\u00fablicos, el Gobierno Regional ha introducido cambios en los pliegos para la concesi\u00f3n del transporte escolar en Cantabria, dicen que buscando la mayor participaci\u00f3n empresarial posible. Les ha faltado tiempo a los partidos de la contra y a los sindicatos para echar mano del argumento del \u2019peligro\u00b4 de que el concurso lo gane una empresa \u2019de fuera\u2019, de que con ello se pierdan calidad y puestos de trabajo, y, todo al tiempo, ponga en crisis la supervivencia de las empresas c\u00e1ntabras del sector.<\/div>\n<div><\/div>\n<p>Cualquiera con perspectiva alcanza a entender que la competencia, en el campo que sea, dinamiza los mercados, obliga a la innovaci\u00f3n, y ajusta los precios. Que le pregunten si no a las amas de casa qu\u00e9 hacen cuando salen a llenar la cesta de compra, d\u00f3nde la hacen y por qu\u00e9. En los momentos que corren, los concursantes p\u00fablicos se trabajan mucho sus ofertas para ser diferentes, mejores, y m\u00e1s baratos que sus competidores. La administraci\u00f3n paga menos por lo que contrata, y los administrados mantienen el uso de los servicios. Soy de los que opina, adem\u00e1s, que sin merma alguna de la calidad, porque estoy seguro de que la administraci\u00f3n realiza suficientes controles para ello (y si no lo hace ah\u00ed estamos los contribuyentes para exig\u00edrselo), y las empresas se palpan mucho la ropa antes de perder un contrato por \u2019dar gato por liebre\u2019. No son tiempos para tonter\u00edas.<\/p>\n<div><\/div>\n<p>El argumento del localismo, en este contexto, rechina por provinciano. Por supuesto que hay que procurar la mayor protecci\u00f3n posible al tejido empresarial aut\u00f3ctono. Hay que crear un marco econ\u00f3mico y fiscal atractivo para la implantaci\u00f3n de empresas que se queden mucho tiempo generando empleo y riqueza. Y hay que ayudar a que las empresas en dificultades puedan capear el temporal ech\u00e1ndoles una mano, pero desde luego no falseando la libre competencia ni excluyendo proyectos por el mero hecho de venir de fuera. En la contrataci\u00f3n administrativa, que est\u00e1 adem\u00e1s regulada por ley, no tienen cabida los productos con denominaci\u00f3n de origen ni las marcas regionales de calidad.<\/p>\n<div><\/div>\n<div>Frente a un contrato p\u00fablico todos deben poder presentar ofertas en igualdad de condiciones, eso que se llama la \u2019concurrencia competitiva\u2019. Y a partir de ah\u00ed, como dice un refr\u00e1n castellano, &#8216;el que m\u00e1s pueda, capador\u2019. Si es una empresa de la tierra, mejor, pero si no lo es, qu\u00e9 le vamos a hacer.<\/div>\n<div><\/div>\n<p>(PE. Acab\u00e9 este art\u00edculo en el avi\u00f3n regresando de mis vacaciones en La Palma. El s\u00e1bado supe por un peri\u00f3dico regional que el concurso se hab\u00eda fallado, y que dos empresas for\u00e1neas hab\u00edan conseguido un importante n\u00famero de rutas escolares)<\/p>\n","protected":false},"excerpt":{"rendered":"<p>&nbsp; Dentro de su pol\u00edtica de revisi\u00f3n de formas y procesos, se supone que para mejorar la eficiencia administrativa y la gesti\u00f3n de los dineros p\u00fablicos, el Gobierno Regional ha introducido cambios en los pliegos para la concesi\u00f3n del transporte escolar en Cantabria, dicen que buscando la mayor participaci\u00f3n empresarial posible. Les ha faltado tiempo [&#8230;]<\/p>\n","protected":false},"author":2,"featured_media":0,"comment_status":"open","ping_status":"closed","sticky":false,"template":"","format":"standard","meta":{"footnotes":""},"categories":[3],"tags":[],"class_list":["post-456","post","type-post","status-publish","format-standard","hentry","category-general"],"_links":{"self":[{"href":"https:\/\/www.opinioneslibres.es\/apesardetodo\/index.php?rest_route=\/wp\/v2\/posts\/456","targetHints":{"allow":["GET"]}}],"collection":[{"href":"https:\/\/www.opinioneslibres.es\/apesardetodo\/index.php?rest_route=\/wp\/v2\/posts"}],"about":[{"href":"https:\/\/www.opinioneslibres.es\/apesardetodo\/index.php?rest_route=\/wp\/v2\/types\/post"}],"author":[{"embeddable":true,"href":"https:\/\/www.opinioneslibres.es\/apesardetodo\/index.php?rest_route=\/wp\/v2\/users\/2"}],"replies":[{"embeddable":true,"href":"https:\/\/www.opinioneslibres.es\/apesardetodo\/index.php?rest_route=%2Fwp%2Fv2%2Fcomments&post=456"}],"version-history":[{"count":10,"href":"https:\/\/www.opinioneslibres.es\/apesardetodo\/index.php?rest_route=\/wp\/v2\/posts\/456\/revisions"}],"predecessor-version":[{"id":467,"href":"https:\/\/www.opinioneslibres.es\/apesardetodo\/index.php?rest_route=\/wp\/v2\/posts\/456\/revisions\/467"}],"wp:attachment":[{"href":"https:\/\/www.opinioneslibres.es\/apesardetodo\/index.php?rest_route=%2Fwp%2Fv2%2Fmedia&parent=456"}],"wp:term":[{"taxonomy":"category","embeddable":true,"href":"https:\/\/www.opinioneslibres.es\/apesardetodo\/index.php?rest_route=%2Fwp%2Fv2%2Fcategories&post=456"},{"taxonomy":"post_tag","embeddable":true,"href":"https:\/\/www.opinioneslibres.es\/apesardetodo\/index.php?rest_route=%2Fwp%2Fv2%2Ftags&post=456"}],"curies":[{"name":"wp","href":"https:\/\/api.w.org\/{rel}","templated":true}]}}