{"id":488,"date":"2012-10-02T23:48:01","date_gmt":"2012-10-02T23:48:01","guid":{"rendered":"https:\/\/www.opinioneslibres.es\/apesardetodo\/?p=488"},"modified":"2012-10-02T23:48:01","modified_gmt":"2012-10-02T23:48:01","slug":"democracia-de-comparsas","status":"publish","type":"post","link":"https:\/\/www.opinioneslibres.es\/apesardetodo\/?p=488","title":{"rendered":"Democracia de comparsas"},"content":{"rendered":"<p>Llueven chuzos de punta en Espa\u00f1a. Desde hace meses, la pol\u00edtica se ha vuelto una tragedia. O una comedia, seg\u00fan el \u00e1nimo con el que se mire. Y la ciudadan\u00eda, que est\u00e1 harta, ha dicho que basta, que as\u00ed no, que con estos no, que con ella no cuenten. El entorno de la paz social, eso que es lo primero que los que han tenido que gobernarnos quieren preservar a toda costa, incluso de la nuestra, se ha quebrado, y no hay colectivo que no haya hecho de la calle el espacio para la protesta.<\/p>\n<p>Sin embargo, pese al percal, los que dirigen los partidos se han puesto de perfil (m\u00e1s de perfil si cabe) y siguen haciendo lo de siempre: mirarse el ombligo, proteger sus regal\u00edas, apu\u00f1alarse entre ellos por mantenerse, y decir que turur\u00fa. Los que mandan viven una enso\u00f1aci\u00f3n de la realidad tan pat\u00e9tica a veces como las explicaciones que dan para las ocurrencias que tienen. La soberbia paternalista con la que se dirigen, y nos dirigen, les ha dejado a la altura del bet\u00fan sin opci\u00f3n alguna de redenci\u00f3n.<\/p>\n<p>Superar este estado de cosas requiere un cambio, que tiene que ser radical para ser cre\u00edble, y porque es adem\u00e1s lo que exigen los ciudadanos. Un nuevo modelo de relaci\u00f3n entre representantes y representados, en el que estos sean los que de verdad se\u00f1alen las prioridades y marquen los horizontes a alcanzar. Un nuevo sistema de partidos aut\u00e9nticamente abiertos y participativos, donde escuchar sea la norma y no la excepci\u00f3n. Un nuevo compromiso de representaci\u00f3n que fije claramente que incumplir lo prometido tiene consecuencias, y otra forma de ejercerla, m\u00e1s sincera, m\u00e1s responsable, m\u00e1s leal, m\u00e1s cercana, que anteponga de una vez por todas lo colectivo a lo personal, y en la que se entienda que la delegaci\u00f3n del poder ni es absoluta ni puede prescindir de la ciudadan\u00eda. Expresarse en las urnas cada cuatro a\u00f1os no da derecho a los elegidos a ignorar hasta la siguiente elecci\u00f3n a quienes los eligen. La democracia es un continuo que no admite recesiones temporales.<\/p>\n<p>De todos modos, mucho me temo que si algo cambia ser\u00e1 para que todo siga igual. Los mandatados para sostener nuestro bienestar, y acrecentarlo, no est\u00e1n por la labor. Que la crisis es lo que nos ciega es su argumento, y la osad\u00eda con la que defienden que es el tiempo de los n\u00fameros, su coartada para seguir impasibles sin hacer nada. Nunca las intenciones de los pol\u00edticos estuvieron tan insultantemente lejos de las necesidades de los ciudadanos ni de sus reivindicaciones. Han decidido que nos equivocamos con lo que pedimos porque no sabemos, y que cuando todo mejore entenderemos que son ellos o el caos.<\/p>\n<p>Tengo un amigo, liberal \u00e9l, que dice que me he vuelto muy vitri\u00f3lico. Tambi\u00e9n me he convertido decididamente en un esc\u00e9ptico. Los pol\u00edticos de hoy nos tienen embargado el futuro, que no s\u00f3lo pasa por hacer que dejen de rugir las tripas por el hambre. Recuperar la dignidad de la pol\u00edtica y hacer cre\u00edble su ejercicio no est\u00e1 en sus agendas, por mucho que en la calle se les conmine. Esta obra tragic\u00f3mica, que en realidad es m\u00e1s un sainete, la demandan como suya, y a nosotros nos han dejado el papel de la comparsa.<\/p>\n","protected":false},"excerpt":{"rendered":"<p>Llueven chuzos de punta en Espa\u00f1a. Desde hace meses, la pol\u00edtica se ha vuelto una tragedia. O una comedia, seg\u00fan el \u00e1nimo con el que se mire. Y la ciudadan\u00eda, que est\u00e1 harta, ha dicho que basta, que as\u00ed no, que con estos no, que con ella no cuenten. El entorno de la paz social, [&#8230;]<\/p>\n","protected":false},"author":2,"featured_media":0,"comment_status":"open","ping_status":"closed","sticky":false,"template":"","format":"standard","meta":{"footnotes":""},"categories":[3],"tags":[],"class_list":["post-488","post","type-post","status-publish","format-standard","hentry","category-general"],"_links":{"self":[{"href":"https:\/\/www.opinioneslibres.es\/apesardetodo\/index.php?rest_route=\/wp\/v2\/posts\/488","targetHints":{"allow":["GET"]}}],"collection":[{"href":"https:\/\/www.opinioneslibres.es\/apesardetodo\/index.php?rest_route=\/wp\/v2\/posts"}],"about":[{"href":"https:\/\/www.opinioneslibres.es\/apesardetodo\/index.php?rest_route=\/wp\/v2\/types\/post"}],"author":[{"embeddable":true,"href":"https:\/\/www.opinioneslibres.es\/apesardetodo\/index.php?rest_route=\/wp\/v2\/users\/2"}],"replies":[{"embeddable":true,"href":"https:\/\/www.opinioneslibres.es\/apesardetodo\/index.php?rest_route=%2Fwp%2Fv2%2Fcomments&post=488"}],"version-history":[{"count":5,"href":"https:\/\/www.opinioneslibres.es\/apesardetodo\/index.php?rest_route=\/wp\/v2\/posts\/488\/revisions"}],"predecessor-version":[{"id":493,"href":"https:\/\/www.opinioneslibres.es\/apesardetodo\/index.php?rest_route=\/wp\/v2\/posts\/488\/revisions\/493"}],"wp:attachment":[{"href":"https:\/\/www.opinioneslibres.es\/apesardetodo\/index.php?rest_route=%2Fwp%2Fv2%2Fmedia&parent=488"}],"wp:term":[{"taxonomy":"category","embeddable":true,"href":"https:\/\/www.opinioneslibres.es\/apesardetodo\/index.php?rest_route=%2Fwp%2Fv2%2Fcategories&post=488"},{"taxonomy":"post_tag","embeddable":true,"href":"https:\/\/www.opinioneslibres.es\/apesardetodo\/index.php?rest_route=%2Fwp%2Fv2%2Ftags&post=488"}],"curies":[{"name":"wp","href":"https:\/\/api.w.org\/{rel}","templated":true}]}}