{"id":495,"date":"2012-11-05T16:48:39","date_gmt":"2012-11-05T16:48:39","guid":{"rendered":"https:\/\/www.opinioneslibres.es\/apesardetodo\/?p=495"},"modified":"2012-11-05T17:38:42","modified_gmt":"2012-11-05T17:38:42","slug":"expediente-a-rosa-ines","status":"publish","type":"post","link":"https:\/\/www.opinioneslibres.es\/apesardetodo\/?p=495","title":{"rendered":"Expediente a Rosa In\u00e9s"},"content":{"rendered":"<div>\n<p>Los defensores del pensamiento \u00fanico del PSOE de Cantabria, siempre que sea el suyo, le han abierto un expediente disciplinario a Rosa In\u00e9s Garc\u00eda por una tribuna publicada en un medio regional sobre el PGOU de Santander.<\/p>\n<\/div>\n<div>\n<p>Rosa In\u00e9s es un animal de la pol\u00edtica que lleva toda la vida diciendo lo que piensa, sin cortarse un pelo. Tambi\u00e9n lleva varios a\u00f1os en la orilla cr\u00edtica a la direcci\u00f3n de su partido, poniendo su enfoque ideol\u00f3gico y su opci\u00f3n org\u00e1nica a votaci\u00f3n de la militancia, unas veces ganando, otras perdiendo, y algunas otras m\u00e1s ofreciendo pactos y consensos. De Rosa In\u00e9s podr\u00e1 decirse lo que se quiera, bueno y malo porque es una mujer que no deja indiferente, pero no que se esconda detr\u00e1s de las medias tintas ni que se quede callada cuando cree que tiene que opinar.<\/p>\n<\/div>\n<div>\n<p>Le pese a quien le pese, Rosa In\u00e9s es un referente indiscutible del socialismo c\u00e1ntabro, mientras que los que ahora la quieren fuera son figuras de \u00faltima hora que han dado muchos tumbos y pasado la mano por muchas espaldas para llegar a una ejecutiva o para posar el culo en un sill\u00f3n del parlamento. Y mientras la se\u00f1a de identidad de quien ha sido de todo en el PSOE regional es no querer que se estanque un proyecto que se agota de pura mediocridad, la de los que quieren expulsarla es la incapacidad para construir su intrahistoria de otro modo que no sea a base de purgas, exclusiones y mucha mezquindad.<\/p>\n<\/div>\n<div>\n<p>Trabajar con Rosa In\u00e9s Garc\u00eda es muchas veces dif\u00edcil. Yo lo he hecho, y dejado de hacerlo cuando mis discrepancias con ella eran insalvables.  Tiene personalidad, y una compleja visi\u00f3n de la pol\u00edtica como actividad que tiende al agotamiento de quienes la rodean. Y tambi\u00e9n ella ha pasado m\u00e1s de una factura cuando estaba al mando, dejando a muchos en la cuneta de sus aspiraciones pol\u00edticas. Pero desde luego no es recibo que ahora le se\u00f1alen la puerta de salida los que lo hacen, ni tampoco que lo hagan con la excusa con la que lo hacen. Aquellos han medrado con las mismas tretas que hist\u00f3ricamente les han servido para acusar a Garc\u00eda de ser el peor de todos los males del PSOE. Y su discrepancia con las posiciones oficiales han sido siempre p\u00fablicas y descarnadas, en ocasiones hasta el insulto. No cabe mayor cinismo, ni mayor desprop\u00f3sito.<\/p>\n<\/div>\n<div>\n<p>El PSOE de Cantabria tiene muchos problemas, pero no creo que Rosa In\u00e9s Garc\u00eda sea uno de ellos. La libertad de pensamiento y de expresi\u00f3n son la base para la construcci\u00f3n de cualquier proyecto colectivo. Discrepar en una tribuna de opini\u00f3n no parece argumento suficiente para enfrentar a nadie a su expulsi\u00f3n de la organizaci\u00f3n que lo construye. Salvo que quienes la alienten, como los que ahora lo hacen con Rosa In\u00e9s Garc\u00eda, no sean capaces de propuestas que vayan m\u00e1s all\u00e1 de la exclusi\u00f3n y la venganza. Los que han impulsado su expediente llevan a\u00f1os inhabilitados para nada coherente en el Partido Socialista.<\/p>\n<\/div>\n<div>\n<p>(<em>Me di de baja del Partido Socialista el 3 de diciembre de 2.011, despu\u00e9s de 20 a\u00f1os de militancia y de llegar a la conclusi\u00f3n de que con algunos de los ruines que ahora mandan, no merece la pena compartir ni el fichero de \u00f3rdenes de pago de las cuotas. As\u00ed que ah\u00f3rrense los que quieren echar a Rosa In\u00e9s Garc\u00eda pensar a cambio de qu\u00e9 escribo esto.<\/em>)<\/p>\n<\/div>\n","protected":false},"excerpt":{"rendered":"<p>Los defensores del pensamiento \u00fanico del PSOE de Cantabria, siempre que sea el suyo, le han abierto un expediente disciplinario a Rosa In\u00e9s Garc\u00eda por una tribuna publicada en un medio regional sobre el PGOU de Santander. Rosa In\u00e9s es un animal de la pol\u00edtica que lleva toda la vida diciendo lo que piensa, sin [&#8230;]<\/p>\n","protected":false},"author":2,"featured_media":0,"comment_status":"open","ping_status":"closed","sticky":false,"template":"","format":"standard","meta":{"footnotes":""},"categories":[3],"tags":[],"class_list":["post-495","post","type-post","status-publish","format-standard","hentry","category-general"],"_links":{"self":[{"href":"https:\/\/www.opinioneslibres.es\/apesardetodo\/index.php?rest_route=\/wp\/v2\/posts\/495","targetHints":{"allow":["GET"]}}],"collection":[{"href":"https:\/\/www.opinioneslibres.es\/apesardetodo\/index.php?rest_route=\/wp\/v2\/posts"}],"about":[{"href":"https:\/\/www.opinioneslibres.es\/apesardetodo\/index.php?rest_route=\/wp\/v2\/types\/post"}],"author":[{"embeddable":true,"href":"https:\/\/www.opinioneslibres.es\/apesardetodo\/index.php?rest_route=\/wp\/v2\/users\/2"}],"replies":[{"embeddable":true,"href":"https:\/\/www.opinioneslibres.es\/apesardetodo\/index.php?rest_route=%2Fwp%2Fv2%2Fcomments&post=495"}],"version-history":[{"count":5,"href":"https:\/\/www.opinioneslibres.es\/apesardetodo\/index.php?rest_route=\/wp\/v2\/posts\/495\/revisions"}],"predecessor-version":[{"id":500,"href":"https:\/\/www.opinioneslibres.es\/apesardetodo\/index.php?rest_route=\/wp\/v2\/posts\/495\/revisions\/500"}],"wp:attachment":[{"href":"https:\/\/www.opinioneslibres.es\/apesardetodo\/index.php?rest_route=%2Fwp%2Fv2%2Fmedia&parent=495"}],"wp:term":[{"taxonomy":"category","embeddable":true,"href":"https:\/\/www.opinioneslibres.es\/apesardetodo\/index.php?rest_route=%2Fwp%2Fv2%2Fcategories&post=495"},{"taxonomy":"post_tag","embeddable":true,"href":"https:\/\/www.opinioneslibres.es\/apesardetodo\/index.php?rest_route=%2Fwp%2Fv2%2Ftags&post=495"}],"curies":[{"name":"wp","href":"https:\/\/api.w.org\/{rel}","templated":true}]}}