{"id":528,"date":"2013-02-01T19:55:40","date_gmt":"2013-02-01T19:55:40","guid":{"rendered":"https:\/\/www.opinioneslibres.es\/apesardetodo\/?p=528"},"modified":"2013-02-01T19:55:40","modified_gmt":"2013-02-01T19:55:40","slug":"estoy-harto","status":"publish","type":"post","link":"https:\/\/www.opinioneslibres.es\/apesardetodo\/?p=528","title":{"rendered":"Estoy harto&#8230;"},"content":{"rendered":"<div>\n<p>Estoy harto de la corrupci\u00f3n. De los pol\u00edticos que cuando les pillan con las manos en la caja apuntan al de enfrente. De los de enfrente, que cuando denuncian lo hacen con la boca chica porque tambi\u00e9n tienen lo suyo en casa. De las bolsas de basura en los maleteros y de los sobres con dinero B. De los que llenan las bolsas y los sobres.<\/p>\n<\/div>\n<div>\n<p>Estoy harto de los que nos representan. De los que ocupan puestos que no merecen porque no est\u00e1n a la altura. De los que tienen a las instituciones secuestradas con vallas y palcos de invitados cerrados al p\u00fablico. De los que esconden su ineptitud con Iphones y Ipads que pagamos todos. De parlamentarios que no van al parlamento ni patean sus circunscripciones. De concejales que tienen de libro de cabecera los Planes de Urbanismo y la forma de trampearlos. De trampas con lo p\u00fablico y de tramposos en lo p\u00fablico. De que no dimita nadie.<\/p>\n<\/div>\n<div>\n<p>Estoy harto de que me pregunten s\u00f3lo cada cuatro a\u00f1os. De que la legitimidad se mida en votos cautivos y en enga\u00f1os. De programas que no se cumplen, y de las excusas para incumplirlos. De que la crisis sea la coartada para todo, pero nunca la raz\u00f3n para la responsabilidad. De irresponsables que se miran el ombligo y se ponen de perfil cuando se les exige que trabajen para todos y no para ellos o los suyos. De votar para nada.<\/p>\n<\/div>\n<div>\n<p>Estoy harto de un sistema que hace aguas. De que nada cambie a pesar de todo. De que sigan los mismos, y se postulen para seguir siguiendo. De que nadie escuche. De que protestar no sirva de nada. De que las protestas les hagan m\u00e1s fuertes. De tener que protestar. De que se r\u00edan de nosotros y nos hagan pasar por tontos.<\/p>\n<\/div>\n<div>\n<p>Estoy harto de lo que nos pasa, y de que nos tenga que seguir pasando. De que nos hayan hurtado el presente, y nos hayan hipotecado el futuro. De que el futuro siga dependiendo de ellos, de todos ellos, y no de nosotros. Estoy harto&#8230;<\/p>\n<\/div>\n","protected":false},"excerpt":{"rendered":"<p>Estoy harto de la corrupci\u00f3n. De los pol\u00edticos que cuando les pillan con las manos en la caja apuntan al de enfrente. De los de enfrente, que cuando denuncian lo hacen con la boca chica porque tambi\u00e9n tienen lo suyo en casa. De las bolsas de basura en los maleteros y de los sobres con [&#8230;]<\/p>\n","protected":false},"author":2,"featured_media":0,"comment_status":"open","ping_status":"closed","sticky":false,"template":"","format":"standard","meta":{"footnotes":""},"categories":[3],"tags":[],"class_list":["post-528","post","type-post","status-publish","format-standard","hentry","category-general"],"_links":{"self":[{"href":"https:\/\/www.opinioneslibres.es\/apesardetodo\/index.php?rest_route=\/wp\/v2\/posts\/528","targetHints":{"allow":["GET"]}}],"collection":[{"href":"https:\/\/www.opinioneslibres.es\/apesardetodo\/index.php?rest_route=\/wp\/v2\/posts"}],"about":[{"href":"https:\/\/www.opinioneslibres.es\/apesardetodo\/index.php?rest_route=\/wp\/v2\/types\/post"}],"author":[{"embeddable":true,"href":"https:\/\/www.opinioneslibres.es\/apesardetodo\/index.php?rest_route=\/wp\/v2\/users\/2"}],"replies":[{"embeddable":true,"href":"https:\/\/www.opinioneslibres.es\/apesardetodo\/index.php?rest_route=%2Fwp%2Fv2%2Fcomments&post=528"}],"version-history":[{"count":2,"href":"https:\/\/www.opinioneslibres.es\/apesardetodo\/index.php?rest_route=\/wp\/v2\/posts\/528\/revisions"}],"predecessor-version":[{"id":530,"href":"https:\/\/www.opinioneslibres.es\/apesardetodo\/index.php?rest_route=\/wp\/v2\/posts\/528\/revisions\/530"}],"wp:attachment":[{"href":"https:\/\/www.opinioneslibres.es\/apesardetodo\/index.php?rest_route=%2Fwp%2Fv2%2Fmedia&parent=528"}],"wp:term":[{"taxonomy":"category","embeddable":true,"href":"https:\/\/www.opinioneslibres.es\/apesardetodo\/index.php?rest_route=%2Fwp%2Fv2%2Fcategories&post=528"},{"taxonomy":"post_tag","embeddable":true,"href":"https:\/\/www.opinioneslibres.es\/apesardetodo\/index.php?rest_route=%2Fwp%2Fv2%2Ftags&post=528"}],"curies":[{"name":"wp","href":"https:\/\/api.w.org\/{rel}","templated":true}]}}