{"id":541,"date":"2013-04-22T20:08:01","date_gmt":"2013-04-22T20:08:01","guid":{"rendered":"https:\/\/www.opinioneslibres.es\/apesardetodo\/?p=541"},"modified":"2013-04-23T09:10:32","modified_gmt":"2013-04-23T09:10:32","slug":"intervenciones-parlamentarias","status":"publish","type":"post","link":"https:\/\/www.opinioneslibres.es\/apesardetodo\/?p=541","title":{"rendered":"Intervenciones parlamentarias"},"content":{"rendered":"<p>Hace un par de d\u00edas me dio por seguir la comparecencia de Sergio V\u00e9lez en la Comisi\u00f3n de CANTUR del Parlamento de Cantabria. Conozco a Sergio de cuando era socio de la empresa de comunicaci\u00f3n de cabecera del PSOE en los a\u00f1os 90, y me apetec\u00eda ver c\u00f3mo explicaba el \u00e9xito de sus negocios en la etapa de Marcano como consejero. M\u00e1s por morbo que por otra cosa. Algunas de las facturas que se han conocido tienen conceptos y precios de lo m\u00e1s sugerente y llamativo (de todas ellas, me quedo con la de las 3.500 bolitas de chocolate repartidas a los miembros del gobierno, por m\u00e1s de 20.000 euros). V\u00e9lez decidi\u00f3 que no declaraba por estar el asunto en investigaci\u00f3n judicial, y entonces el espect\u00e1culo pas\u00f3 a las intervenciones del diputado regionalista P\u00e9rez Tezanos. Dio tanto en tan poco tiempo que me venci\u00f3 la verg\u00fcenza ajena y tuve que cerrar la emisi\u00f3n por la web.<\/p>\n<p>El Parlamento de Cantabria nunca ha sido un referente de erudici\u00f3n dial\u00e9ctica. Se pueden contar con los dedos de las manos lo buenos oradores que han pasado por su tribuna. El premio &#8216;Emilio Castelar&#8217; que se concede al mejor orador del Congreso de los Diputados, en Cantabria quedar\u00eda desierto. En cambio, uno que reconociera la zafiedad y la falta de respeto tendr\u00eda muchos candidatos, y costar\u00eda concederlo solamente a un diputado\/a. Las sesiones de los lunes son un gallinero de voces, replicas de esca\u00f1o a esca\u00f1o, e insultos. Las intervenciones en la tribuna resultan de una mediocridad apabullante que admite muy escasas excepciones. Ni siquiera el matonismo m\u00e1s tabernario le ha sido a veces ajeno a sus se\u00f1or\u00edas. Un panorama desolador, nada edificante, muy lejos de la cortes\u00eda parlamentaria, pero sobre todo a a\u00f1os luz de lo que se espera de los representantes ciudadanos.<\/p>\n<p>P\u00e9rez Tezanos traspas\u00f3 en el rato que le pude escuchar todos los l\u00edmites de la educaci\u00f3n, trufando sus alegatos con palabras gruesas y amenazas sin medias tintas, elevando la voz, colocando su labor como parlamentario a \u00a0la altura de una pelea de pol\u00edgono. Perdi\u00f3 la raz\u00f3n de sus argumentos por envolverlos en macarrismo. En realidad, hizo del insulto y las malas formas la l\u00ednea definitoria de su posici\u00f3n, que result\u00f3 barriobajera y camorrista.\u00a0<\/p>\n<p>Los responsables de instituciones como el Parlamento llevan a\u00f1os pregunt\u00e1ndose el por qu\u00e9 del desapego ciudadano a su trabajo, las razones de que nadie siga sus debates, el alejamiento constante a su actividad. Y la respuesta est\u00e1n tan cerca de ellos mismos como las palabras del diputado del PRC lo est\u00e1n de la indecencia y el rechazo. El continente que decidi\u00f3 usar Tezanos ech\u00f3 por tierra la validez de sus reflexiones, que a mi ni me quedaron claras ni llegu\u00e9 a comprender, cubiertas como estuvieron de improperios y malos modos. Ese no puede ser nunca el camino para vencer en el debate, que tiene en la dial\u00e9ctica correcta y respetuosa la \u00fanica herramienta para convencer.<\/p>\n<p>No corren los mejores tiempos para la representaci\u00f3n ciudadana, que se ha ganado a pulso la contestaci\u00f3n social a su alejamiento de la realidad y a su insensibilidad. Y actitudes pendencieras y maleducadas como la de P\u00e9rez Tezanos no ayudan a remontar en el camino por la recuperaci\u00f3n de la confianza. Desde luego, no podr\u00e1n tener la de los ciudadanos que esperamos m\u00e1s de quienes se ocupan de nuestros intereses, que con actitudes as\u00ed no podemos sentirnos representados.\u00a0<\/p>\n","protected":false},"excerpt":{"rendered":"<p>Hace un par de d\u00edas me dio por seguir la comparecencia de Sergio V\u00e9lez en la Comisi\u00f3n de CANTUR del Parlamento de Cantabria. Conozco a Sergio de cuando era socio de la empresa de comunicaci\u00f3n de cabecera del PSOE en los a\u00f1os 90, y me apetec\u00eda ver c\u00f3mo explicaba el \u00e9xito de sus negocios en [&#8230;]<\/p>\n","protected":false},"author":2,"featured_media":0,"comment_status":"open","ping_status":"closed","sticky":false,"template":"","format":"standard","meta":{"footnotes":""},"categories":[3],"tags":[],"class_list":["post-541","post","type-post","status-publish","format-standard","hentry","category-general"],"_links":{"self":[{"href":"https:\/\/www.opinioneslibres.es\/apesardetodo\/index.php?rest_route=\/wp\/v2\/posts\/541","targetHints":{"allow":["GET"]}}],"collection":[{"href":"https:\/\/www.opinioneslibres.es\/apesardetodo\/index.php?rest_route=\/wp\/v2\/posts"}],"about":[{"href":"https:\/\/www.opinioneslibres.es\/apesardetodo\/index.php?rest_route=\/wp\/v2\/types\/post"}],"author":[{"embeddable":true,"href":"https:\/\/www.opinioneslibres.es\/apesardetodo\/index.php?rest_route=\/wp\/v2\/users\/2"}],"replies":[{"embeddable":true,"href":"https:\/\/www.opinioneslibres.es\/apesardetodo\/index.php?rest_route=%2Fwp%2Fv2%2Fcomments&post=541"}],"version-history":[{"count":7,"href":"https:\/\/www.opinioneslibres.es\/apesardetodo\/index.php?rest_route=\/wp\/v2\/posts\/541\/revisions"}],"predecessor-version":[{"id":548,"href":"https:\/\/www.opinioneslibres.es\/apesardetodo\/index.php?rest_route=\/wp\/v2\/posts\/541\/revisions\/548"}],"wp:attachment":[{"href":"https:\/\/www.opinioneslibres.es\/apesardetodo\/index.php?rest_route=%2Fwp%2Fv2%2Fmedia&parent=541"}],"wp:term":[{"taxonomy":"category","embeddable":true,"href":"https:\/\/www.opinioneslibres.es\/apesardetodo\/index.php?rest_route=%2Fwp%2Fv2%2Fcategories&post=541"},{"taxonomy":"post_tag","embeddable":true,"href":"https:\/\/www.opinioneslibres.es\/apesardetodo\/index.php?rest_route=%2Fwp%2Fv2%2Ftags&post=541"}],"curies":[{"name":"wp","href":"https:\/\/api.w.org\/{rel}","templated":true}]}}