{"id":550,"date":"2013-04-29T13:33:50","date_gmt":"2013-04-29T13:33:50","guid":{"rendered":"https:\/\/www.opinioneslibres.es\/apesardetodo\/?p=550"},"modified":"2013-04-29T15:33:40","modified_gmt":"2013-04-29T15:33:40","slug":"la-infanta-el-duque-y-el-rey","status":"publish","type":"post","link":"https:\/\/www.opinioneslibres.es\/apesardetodo\/?p=550","title":{"rendered":"La infanta, el duque y el Rey"},"content":{"rendered":"<p><a title=\"Cristina de Borb\u00f3n\" href=\"https:\/\/www.opinioneslibres.es\/apesardetodo\/wp-content\/uploads\/2013\/04\/La-Infanta-Cristina-en-un-acto-oficial.jpg\" target=\"_blank\"><img loading=\"lazy\" decoding=\"async\" class=\"size-medium wp-image-566 alignleft\" title=\"La-Infanta-Cristina-en-un-acto-oficial\" src=\"https:\/\/www.opinioneslibres.es\/apesardetodo\/wp-content\/uploads\/2013\/04\/La-Infanta-Cristina-en-un-acto-oficial-300x211.jpg\" alt=\"\" width=\"300\" height=\"211\" srcset=\"https:\/\/www.opinioneslibres.es\/apesardetodo\/wp-content\/uploads\/2013\/04\/La-Infanta-Cristina-en-un-acto-oficial-300x211.jpg 300w, https:\/\/www.opinioneslibres.es\/apesardetodo\/wp-content\/uploads\/2013\/04\/La-Infanta-Cristina-en-un-acto-oficial.jpg 625w\" sizes=\"auto, (max-width: 300px) 100vw, 300px\" \/><\/a><\/p>\n<p><strong>La infanta<\/strong>.- La defensa de do\u00f1a Cristina ha alegado que entregar las declaraciones de la renta que le pide el juez que lleva el caso No\u00f3s va en contra de su derecho a la privacidad. Cualquier estrategia que la infanta use para mantener su inocencia es leg\u00edtima, pero eso no quiere decir que sea l\u00f3gica, ni siquiera decente. En Espa\u00f1a tener un par de copias de la declaraci\u00f3n del IRPF de a\u00f1os pasados es una necesidad. Para matricular a un chaval en la escuela, \u00a0para pedir una beca, para acceder a seg\u00fan qu\u00e9 ayudas p\u00fablicas, hay que entregarla, y nunca hasta ahora hab\u00eda escuchado a nadie protestar con ese argumento. Hay excusas que solamente sirven para aumentar las sospechas. Esta de los abogados de la infanta parece una de ellas, in\u00fatil adem\u00e1s, porque la Agencia Tributaria terminar\u00e1 haci\u00e9ndoselas llegar al instructor, como es su obligaci\u00f3n. Si el temor de la hija del Rey es que los n\u00fameros de sus tributaciones acaben en la portada de alg\u00fan medio de comunicaci\u00f3n, este camino s\u00f3lo aumentar\u00e1 el inter\u00e9s de esos medios por conseguirlas, y el de la ciudadan\u00eda por conocerlas de cabo a rabo. Malo ponerse la venda antes de la herida, y mucho peor en alguien de su posici\u00f3n apelar a la intimidad.<\/p>\n<p><strong><a href=\"https:\/\/www.opinioneslibres.es\/apesardetodo\/wp-content\/uploads\/2013\/04\/urdangarin_portada.jpg\" target=\"_blank\"><img loading=\"lazy\" decoding=\"async\" class=\"wp-image-568 alignright\" style=\"margin-left: 5px; margin-right: 5px;\" title=\"I\u00f1aki Urdangar\u00edn\" src=\"https:\/\/www.opinioneslibres.es\/apesardetodo\/wp-content\/uploads\/2013\/04\/urdangarin_portada.jpg\" alt=\"\" width=\"220\" height=\"330\" \/><\/a>El duque<\/strong>.- Lo de marcharse a Qatar como segundo del seleccionador nacional de balonmano del pa\u00eds \u00e1rabe no se le acaba de arreglar al duque consorte de Palma. No tiene el t\u00edtulo que hace falta. Cualquier otra componenda, que no descarto, ser\u00eda una sinvergonzoner\u00eda y un desatino. El emir de Qatar y nuestro Rey son amigos. Colocarlo all\u00ed con calzador ser\u00eda un vulgar apa\u00f1o para que don I\u00f1aki deje de sentir en el cogote el aliento de la prensa y de los ciudadanos que le insultan por la calle. Urdangar\u00edn es carne inevitable de banquillo. Sacarlo de Espa\u00f1a con pasaporte diplom\u00e1tico, considerando lo profundo que han calado sus delitos (presuntos) en el estado de \u00e1nimo nacional, es una tonter\u00eda. Las chorizadas que carga a las espaldas no van a perderse en el imaginario colectivo por mucha arena que se le ponga de por medio. Y poni\u00e9ndola, alguien, o muchos, podr\u00e1n decir con toda la raz\u00f3n del mundo que se larga y se le deja largar por ser quien es. No digo yo que no tenga que ocuparse con decencia en algo remunerado que le sirva para mantener sus finanzas familiares, pero que lo busque por aqu\u00ed, como los otros 6 millones de parados. Qatar suena muy fino, y no est\u00e1 \u00e9l para finuras.<\/p>\n<p><strong><a title=\"Don Juan Carlos I\" href=\"https:\/\/www.opinioneslibres.es\/apesardetodo\/wp-content\/uploads\/2013\/04\/juan-carlos-fun-z.jpg\" target=\"_blank\"><img loading=\"lazy\" decoding=\"async\" class=\"alignleft size-medium wp-image-574\" style=\"margin-left: 10px; margin-right: 10px;\" title=\"Don Juan Carlos I\" src=\"https:\/\/www.opinioneslibres.es\/apesardetodo\/wp-content\/uploads\/2013\/04\/juan-carlos-fun-z-282x300.jpg\" alt=\"\" width=\"282\" height=\"300\" srcset=\"https:\/\/www.opinioneslibres.es\/apesardetodo\/wp-content\/uploads\/2013\/04\/juan-carlos-fun-z-282x300.jpg 282w, https:\/\/www.opinioneslibres.es\/apesardetodo\/wp-content\/uploads\/2013\/04\/juan-carlos-fun-z.jpg 470w\" sizes=\"auto, (max-width: 282px) 100vw, 282px\" \/><\/a>El Rey<\/strong>.- Dicen que don Juan Carlos anda como loco por ponerse a andar como antes. Ha retomado su agenda p\u00fablica, porque as\u00ed demostrar\u00eda que est\u00e1 como un toro y que <em>sigue siendo el rey<\/em>. La verdad es que desde que se cay\u00f3 en Botsuana pegando gatillazos a los elefantes, el hombre no levanta cabeza. Cada paso que han dado en su Casa para mejorarle la imagen, tan tocada como su cadera, ha sido h\u00e1bilmente contrarrestado por alguna desgracia. Qu\u00e9 pa\u00eds el nuestro m\u00e1s funesto. Un elefante, una princesa que no es princesa, un yerno ladr\u00f3n y una hija tonta (o muy lista, qui\u00e9n sabe), han dejado al titular de la Corona a los pies de los caballos. El Rey lleva un a\u00f1o yendo de un disgusto a otro, pasando entre medias por el quir\u00f3fano. Y no mejora. La estrategia de ponerlo a enfriar por si la ciudadan\u00eda aligera la mala leche que se la ha puesto para con el monarca no funciona. Los elementos est\u00e1n en su contra. Hasta los partidos han tenido que salir a echarle una mano, que en los tiempos que corren no son ni con mucho los mejores fiadores. Ojal\u00e1 se le pase todo pronto, lo de la salud sobre manera, porque lo otro tiene un color m\u00e1s feo.<\/p>\n","protected":false},"excerpt":{"rendered":"<p>La infanta.- La defensa de do\u00f1a Cristina ha alegado que entregar las declaraciones de la renta que le pide el juez que lleva el caso No\u00f3s va en contra de su derecho a la privacidad. Cualquier estrategia que la infanta use para mantener su inocencia es leg\u00edtima, pero eso no quiere decir que sea l\u00f3gica, [&#8230;]<\/p>\n","protected":false},"author":2,"featured_media":0,"comment_status":"open","ping_status":"closed","sticky":false,"template":"","format":"standard","meta":{"footnotes":""},"categories":[3],"tags":[],"class_list":["post-550","post","type-post","status-publish","format-standard","hentry","category-general"],"_links":{"self":[{"href":"https:\/\/www.opinioneslibres.es\/apesardetodo\/index.php?rest_route=\/wp\/v2\/posts\/550","targetHints":{"allow":["GET"]}}],"collection":[{"href":"https:\/\/www.opinioneslibres.es\/apesardetodo\/index.php?rest_route=\/wp\/v2\/posts"}],"about":[{"href":"https:\/\/www.opinioneslibres.es\/apesardetodo\/index.php?rest_route=\/wp\/v2\/types\/post"}],"author":[{"embeddable":true,"href":"https:\/\/www.opinioneslibres.es\/apesardetodo\/index.php?rest_route=\/wp\/v2\/users\/2"}],"replies":[{"embeddable":true,"href":"https:\/\/www.opinioneslibres.es\/apesardetodo\/index.php?rest_route=%2Fwp%2Fv2%2Fcomments&post=550"}],"version-history":[{"count":28,"href":"https:\/\/www.opinioneslibres.es\/apesardetodo\/index.php?rest_route=\/wp\/v2\/posts\/550\/revisions"}],"predecessor-version":[{"id":581,"href":"https:\/\/www.opinioneslibres.es\/apesardetodo\/index.php?rest_route=\/wp\/v2\/posts\/550\/revisions\/581"}],"wp:attachment":[{"href":"https:\/\/www.opinioneslibres.es\/apesardetodo\/index.php?rest_route=%2Fwp%2Fv2%2Fmedia&parent=550"}],"wp:term":[{"taxonomy":"category","embeddable":true,"href":"https:\/\/www.opinioneslibres.es\/apesardetodo\/index.php?rest_route=%2Fwp%2Fv2%2Fcategories&post=550"},{"taxonomy":"post_tag","embeddable":true,"href":"https:\/\/www.opinioneslibres.es\/apesardetodo\/index.php?rest_route=%2Fwp%2Fv2%2Ftags&post=550"}],"curies":[{"name":"wp","href":"https:\/\/api.w.org\/{rel}","templated":true}]}}