{"id":604,"date":"2013-07-22T08:08:58","date_gmt":"2013-07-22T08:08:58","guid":{"rendered":"https:\/\/www.opinioneslibres.es\/apesardetodo\/?p=604"},"modified":"2013-07-22T13:39:24","modified_gmt":"2013-07-22T13:39:24","slug":"articulo-censurado","status":"publish","type":"post","link":"https:\/\/www.opinioneslibres.es\/apesardetodo\/?p=604","title":{"rendered":"Art\u00edculo censurado"},"content":{"rendered":"<p><span>Hace unos d\u00edas env\u00ede al editor de un medio digital, en el que he publicado otras veces, un art\u00edculo con mi opini\u00f3n cr\u00edtica sobre la \u00faltima entrevista al alcalde de Santander en la prensa regional. Nada nuevo, ni criticar ni compartir la cr\u00edtica. Llevo a\u00f1os haci\u00e9ndolo, desde la libertad de conciencia, plenamente convencido de que la expresi\u00f3n del pensamiento sin m\u00e1s l\u00edmites que los de la coherencia y el respeto, es un instrumento democr\u00e1tico fundamental de participaci\u00f3n social, cada uno seg\u00fan sus posibilidades y su compromiso. He colaborado con muchos medios, escritos y audiovisuales, que nunca hab\u00edan puesto ni condiciones ni fronteras a mis opiniones. Hasta ahora. Mi tribuna no ser\u00e1 publicada en el digital al que la remit\u00ed porque, seg\u00fan su director, ello \u2019puede complicar el panorama (supongo que se refiere a su medio) m\u00e1s de lo que est\u00e1\u00b4. Sintiendo no poder estar a la altura de mi esfuerzo (la frase tambi\u00e9n es suya), debe \u2019cuidar algunos matices\u2019, que son los que a la postre han impuesto mi censura.<\/span><\/p>\n<p><span>La libertad de expresi\u00f3n est\u00e1 en crisis. No desde luego porque a m\u00ed hayan rechazado publicarme cuatro l\u00edneas de cr\u00edtica a un alcalde. Soy consciente, siempre lo he sido, del lugar que ocupo en ese mundo que llaman de la \u00b4generaci\u00f3n de opini\u00f3n\u2019. Yo no soy nadie. La libertad de expresi\u00f3n est\u00e1 crisis porque cada d\u00eda que pasa es m\u00e1s dif\u00edcil ejercerla incondicionalmente a trav\u00e9s de los medios de comunicaci\u00f3n. Las filias y las fobias de sus due\u00f1os y directores, pero sobre todo el clientelismo que a su alrededor genera el poder pol\u00edtico, han convertido a muchos de ellos en panfletos donde s\u00f3lo van teniendo cabida los palmeros, en una espiral de apoyos mutuos que proporciona altavoces obedientes a los unos y sost\u00e9n econ\u00f3mico subsidiado a los otros.<\/span><\/p>\n<p><span>Comprendo las dificultades de mantener hoy en d\u00eda un medio de comunicaci\u00f3n. En los \u00faltimos tiempos han desaparecido muchos, incapaces de aguantar el tir\u00f3n de la crisis, mientras otros tantos han tenido que reducir sus estructuras y rebajar sus pretensiones de globalidad. Lamentablemente, obtener fondos para subsistir se ha convertido en una labor prioritaria que est\u00e1 descuidando la de la calidad y el pluralismo informativo y de la opini\u00f3n. Sobre todo cuando la puerta a la que se llama es la de las instituciones dirigidas por partidos, que truecan publicidad y subvenciones por loas y amiguismo acr\u00edtico. Entonces, como con mi art\u00edculo, los medios pasan a tener que ser cuidadosos en los escenarios de los que pagan, y la libertad de expresi\u00f3n se convierte en postureo. La independencia est\u00e1 sobrevalorada.<\/span><\/p>\n<p><span>No puedo compartir la decisi\u00f3n de quien ha decidido vetar mi escrito. Tampoco la comprendo. Mi opini\u00f3n es m\u00eda, no del medio que la recoge, y los lectores saben diferenciar esto. Si con la censura de mi cr\u00edtica el editor que no va a publicarla cumple una imposici\u00f3n de a quien critico, porque en su mano est\u00e1 dar alg\u00fan sost\u00e9n financiero al medio, malo. Si lo hace para congraciarse aprior\u00edsticamente con \u00e9l, esperando esa financiaci\u00f3n, peor.<\/span><\/p>\n<p><span>Pese a todo, lamento de verdad que las cosas se le hayan puesto tan mal a quien me ha vetado como para haber tenido que hacerlo. Me entristece que profesionales de la comunicaci\u00f3n deban convertir sus proyectos period\u00edsticos y de informaci\u00f3n en instrumentos de propaganda unilateral, caigan del lado que caigan, para sacarlos adelante. No dir\u00e9 que hay otras maneras de hacer las cosas sin necesidad de llegar a la exclusi\u00f3n. Cada cual sabe a qu\u00e9 atenerse, y de lo suyo gasta. Pero creo que este no es el camino. No al menos el que conduce a la credibilidad y el respeto. En cualquier caso, yo seguir\u00e9 escribiendo lo que opino de cuanto me rodea con el mismo esp\u00edritu critico y sin ataduras, y seguir\u00e9 tratando de compartirlo, porque mi conciencia est\u00e1 tranquila y no le debo nada a nadie. Gracias anticipadas a quien se sienta tan libre como yo como para publicarlo, y a quien no, mi solidaridad m\u00e1s sincera.<\/span><\/p>\n<p><span>(Este es el enlace al art\u00edculo de opini\u00f3n censurado, publicado, aqu\u00ed si, en la secci\u00f3n de opini\u00f3n de \u2019El Portaluco\u2019 &lt;<a title=\"&quot;De la entrevista al alcalde&quot;\" href=\"http:\/\/elportaluco.com\/index.php\/temas-de-interes-y-curiosidades\/opinion\/tribuna-en-libertad\/8882-de-la-entrevista-al-alcalde-por-victor-javier-cavia\" target=\"_blank\">De la entrevista al alcalde<\/a>&gt;)<\/span><\/p>\n","protected":false},"excerpt":{"rendered":"<p>Hace unos d\u00edas env\u00ede al editor de un medio digital, en el que he publicado otras veces, un art\u00edculo con mi opini\u00f3n cr\u00edtica sobre la \u00faltima entrevista al alcalde de Santander en la prensa regional. Nada nuevo, ni criticar ni compartir la cr\u00edtica. Llevo a\u00f1os haci\u00e9ndolo, desde la libertad de conciencia, plenamente convencido de que [&#8230;]<\/p>\n","protected":false},"author":2,"featured_media":0,"comment_status":"open","ping_status":"closed","sticky":false,"template":"","format":"standard","meta":{"footnotes":""},"categories":[3],"tags":[],"class_list":["post-604","post","type-post","status-publish","format-standard","hentry","category-general"],"_links":{"self":[{"href":"https:\/\/www.opinioneslibres.es\/apesardetodo\/index.php?rest_route=\/wp\/v2\/posts\/604","targetHints":{"allow":["GET"]}}],"collection":[{"href":"https:\/\/www.opinioneslibres.es\/apesardetodo\/index.php?rest_route=\/wp\/v2\/posts"}],"about":[{"href":"https:\/\/www.opinioneslibres.es\/apesardetodo\/index.php?rest_route=\/wp\/v2\/types\/post"}],"author":[{"embeddable":true,"href":"https:\/\/www.opinioneslibres.es\/apesardetodo\/index.php?rest_route=\/wp\/v2\/users\/2"}],"replies":[{"embeddable":true,"href":"https:\/\/www.opinioneslibres.es\/apesardetodo\/index.php?rest_route=%2Fwp%2Fv2%2Fcomments&post=604"}],"version-history":[{"count":16,"href":"https:\/\/www.opinioneslibres.es\/apesardetodo\/index.php?rest_route=\/wp\/v2\/posts\/604\/revisions"}],"predecessor-version":[{"id":620,"href":"https:\/\/www.opinioneslibres.es\/apesardetodo\/index.php?rest_route=\/wp\/v2\/posts\/604\/revisions\/620"}],"wp:attachment":[{"href":"https:\/\/www.opinioneslibres.es\/apesardetodo\/index.php?rest_route=%2Fwp%2Fv2%2Fmedia&parent=604"}],"wp:term":[{"taxonomy":"category","embeddable":true,"href":"https:\/\/www.opinioneslibres.es\/apesardetodo\/index.php?rest_route=%2Fwp%2Fv2%2Fcategories&post=604"},{"taxonomy":"post_tag","embeddable":true,"href":"https:\/\/www.opinioneslibres.es\/apesardetodo\/index.php?rest_route=%2Fwp%2Fv2%2Ftags&post=604"}],"curies":[{"name":"wp","href":"https:\/\/api.w.org\/{rel}","templated":true}]}}