{"id":626,"date":"2013-08-14T10:26:22","date_gmt":"2013-08-14T10:26:22","guid":{"rendered":"https:\/\/www.opinioneslibres.es\/apesardetodo\/?p=626"},"modified":"2013-08-14T10:27:57","modified_gmt":"2013-08-14T10:27:57","slug":"santander-santander","status":"publish","type":"post","link":"https:\/\/www.opinioneslibres.es\/apesardetodo\/?p=626","title":{"rendered":"Santander, Santander&#8230;"},"content":{"rendered":"<p><a href=\"https:\/\/www.opinioneslibres.es\/apesardetodo\/wp-content\/uploads\/2013\/08\/santanderalfonsoxiii.jpg\" target=\"_blank\"><img loading=\"lazy\" decoding=\"async\" class=\"alignright size-medium wp-image-630\" title=\"Alfonso XIII en Santander\" src=\"https:\/\/www.opinioneslibres.es\/apesardetodo\/wp-content\/uploads\/2013\/08\/santanderalfonsoxiii-300x159.jpg\" alt=\"\" width=\"300\" height=\"159\" srcset=\"https:\/\/www.opinioneslibres.es\/apesardetodo\/wp-content\/uploads\/2013\/08\/santanderalfonsoxiii-300x159.jpg 300w, https:\/\/www.opinioneslibres.es\/apesardetodo\/wp-content\/uploads\/2013\/08\/santanderalfonsoxiii.jpg 308w\" sizes=\"auto, (max-width: 300px) 100vw, 300px\" \/><\/a>Santander est\u00e1 estupenda, que no cambia. Si acaso \u2019algunas palabras\u2019, como dice un antiguo compa\u00f1ero de expartido. En los 15 d\u00edas en dos veces que he estado, he notado que ya ha salido de 1.915 para adentrarse toda loca en 1.920. Por el Paseo de Pereda s\u00f3lo me ha faltado cruzarme con Alfonso XIII. Lo de la smartcity apenas lo he notado. Pero eso es normal. Entre que el asunto es mitad tecnolog\u00eda \u00a0invisible y mitad humo del alcalde, pues no se ve. Como a los concejales, que de los 27 que tiene el ayuntamiento nada m\u00e1s que me he encontrado por la calle con uno, el de Autonom\u00eda Personal. Quiero pensar que el resto, incluida la oposici\u00f3n, est\u00e1 trabajando mucho en sus despachos, aunque en el edificio consistorial me ha parecido que sigue habiendo pocas luces.<\/p>\n<p>La obra \u00b4de Bot\u00edn\u00b4 avanza a buen ritmo. Las cosas que pagan los privados es lo que tienen, que no se pierde el tiempo ni el dinero. No he podido ver lo que est\u00e1n haciendo para lo del campeonato de vela en 2.014, excepto el reloj patrocinado (sorprendentemente por E.ON no) colocado en la antigua plaza del General\u00edsimo. Supongo que tambi\u00e9n van bien, a su ritmo de obra p\u00fablica (o sea, acab\u00e1ndose deprisa y corriendo, un 50% m\u00e1s caro de lo previsto, e inservible desde el principio). Lo que si va r\u00e1pido de narices es lo de las rampas y las escaleras mec\u00e1nicas para subir de Numancia a General D\u00e1vila. El recorrido ya est\u00e1 lleno de vallas y abierto en canal. Falta que se rompan tuber\u00edas del agua y se partan cables de alumbrado, pero eso ya llegar\u00e1. Un buen amigo m\u00edo dice que cuantas m\u00e1s molestias ocasiona una obra, mejor es apreciada despu\u00e9s por los vecinos. Y a esto se aplica muy bien el ayuntamiento.<\/p>\n<p><a href=\"https:\/\/www.opinioneslibres.es\/apesardetodo\/wp-content\/uploads\/2013\/08\/franquista_monolito.jpg\" target=\"_blank\"><img loading=\"lazy\" decoding=\"async\" class=\"alignleft size-full wp-image-632\" style=\"margin-left: 5px; margin-right: 5px;\" title=\"Monolito franquista\" src=\"https:\/\/www.opinioneslibres.es\/apesardetodo\/wp-content\/uploads\/2013\/08\/franquista_monolito.jpg\" alt=\"\" width=\"189\" height=\"266\" \/><\/a>Al alcalde le ha dado un viento antifranquista, y va a cambiar el callejero. Poco, no sea que la sociedad santanderina no est\u00e9 madura para estas medidas. De momento, una calle, General Mola por Ataulfo Argenta. Si eso, dentro de 5 o 10 a\u00f1os, escoge otra de las decenas que tiene Santander con nombres de ilustres personajes de la dictadura y le pega un lavado de fachada. O le da por retirar monumentos, que tambi\u00e9n tiene bastantes donde escoger. De momento, esto lo que hay, que viniendo de donde viene la decisi\u00f3n, encima habr\u00eda que tirar cohetes. Por cierto, que me enter\u00e9 por un suplemento nacional dominical (casi me ahogo con el caf\u00e9) que De la Serna tiene nueva novia. Nada que decir de eso, por supuesto, y mi m\u00e1ximo respeto. Lo que \u2019embababa\u2019 al articulo es que le hicieran tanto la pelota, y tan cutremente. Que si gal\u00e1n de cine, que si cin\u00e9filo aficionado, que si caballero valeroso (por aquello de que atrap\u00f3 una vez a un ladr\u00f3n de ropa). Vamos, una cosa muy de Santander y su provincia, que tambi\u00e9n hubiera dado para mucho en esa divertida secci\u00f3n de toda la vida de El Diario Monta\u00f1\u00e9s \u2019Verano Vivo\u2019.<\/p>\n","protected":false},"excerpt":{"rendered":"<p>Santander est\u00e1 estupenda, que no cambia. Si acaso \u2019algunas palabras\u2019, como dice un antiguo compa\u00f1ero de expartido. En los 15 d\u00edas en dos veces que he estado, he notado que ya ha salido de 1.915 para adentrarse toda loca en 1.920. Por el Paseo de Pereda s\u00f3lo me ha faltado cruzarme con Alfonso XIII. Lo [&#8230;]<\/p>\n","protected":false},"author":2,"featured_media":0,"comment_status":"open","ping_status":"closed","sticky":false,"template":"","format":"standard","meta":{"footnotes":""},"categories":[3],"tags":[],"class_list":["post-626","post","type-post","status-publish","format-standard","hentry","category-general"],"_links":{"self":[{"href":"https:\/\/www.opinioneslibres.es\/apesardetodo\/index.php?rest_route=\/wp\/v2\/posts\/626","targetHints":{"allow":["GET"]}}],"collection":[{"href":"https:\/\/www.opinioneslibres.es\/apesardetodo\/index.php?rest_route=\/wp\/v2\/posts"}],"about":[{"href":"https:\/\/www.opinioneslibres.es\/apesardetodo\/index.php?rest_route=\/wp\/v2\/types\/post"}],"author":[{"embeddable":true,"href":"https:\/\/www.opinioneslibres.es\/apesardetodo\/index.php?rest_route=\/wp\/v2\/users\/2"}],"replies":[{"embeddable":true,"href":"https:\/\/www.opinioneslibres.es\/apesardetodo\/index.php?rest_route=%2Fwp%2Fv2%2Fcomments&post=626"}],"version-history":[{"count":8,"href":"https:\/\/www.opinioneslibres.es\/apesardetodo\/index.php?rest_route=\/wp\/v2\/posts\/626\/revisions"}],"predecessor-version":[{"id":636,"href":"https:\/\/www.opinioneslibres.es\/apesardetodo\/index.php?rest_route=\/wp\/v2\/posts\/626\/revisions\/636"}],"wp:attachment":[{"href":"https:\/\/www.opinioneslibres.es\/apesardetodo\/index.php?rest_route=%2Fwp%2Fv2%2Fmedia&parent=626"}],"wp:term":[{"taxonomy":"category","embeddable":true,"href":"https:\/\/www.opinioneslibres.es\/apesardetodo\/index.php?rest_route=%2Fwp%2Fv2%2Fcategories&post=626"},{"taxonomy":"post_tag","embeddable":true,"href":"https:\/\/www.opinioneslibres.es\/apesardetodo\/index.php?rest_route=%2Fwp%2Fv2%2Ftags&post=626"}],"curies":[{"name":"wp","href":"https:\/\/api.w.org\/{rel}","templated":true}]}}