{"id":643,"date":"2013-10-10T08:15:42","date_gmt":"2013-10-10T08:15:42","guid":{"rendered":"https:\/\/www.opinioneslibres.es\/apesardetodo\/?p=643"},"modified":"2013-10-10T08:15:42","modified_gmt":"2013-10-10T08:15:42","slug":"republicanos-de-calle-monarquicos-de-salon","status":"publish","type":"post","link":"https:\/\/www.opinioneslibres.es\/apesardetodo\/?p=643","title":{"rendered":"Republicanos de calle, mon\u00e1rquicos de sal\u00f3n"},"content":{"rendered":"<p>A prop\u00f3sito de la visita a Santander de la Princesa de Asturias para inaugurar el curso en la FP, pregunt\u00e9 a un concejal socialista, que presupongo republicano, si hab\u00eda acudido a inclinar la cabeza ante do\u00f1a Letizia. Lo tuvo f\u00e1cil para soslayar la respuesta, porque por lo visto no le hab\u00edan invitado. Mi amigo don Alfonso me apuntaba con gran tino que asistir a estos eventos es una obligaci\u00f3n institucional, para mon\u00e1rquicos y para los que no lo son. Tiene raz\u00f3n. Cuando se ocupa un cargo p\u00fablico hay que ir a sitios donde voluntariamente no se ir\u00eda, y dar la mano a gente a la que en la calle no se saludar\u00eda. Pero cuando en el acto est\u00e1 la Familia Real y la mano a sostener es la de uno de sus miembros, suele haber mucho de cinismo y m\u00e1s a\u00fan de <em>postureo<\/em>.<\/p>\n<p>En los \u00faltimos tiempos, con la Corona en horas bajas a cuenta de Urdangarines, elefantes y princesas alemanas de pega, los republicanos se han crecido. Dicho con todo respeto, por supuesto, que defender la opci\u00f3n de la Rep\u00fablica como forma de estado es tan leg\u00edtimo como hacerlo de la Monarqu\u00eda Parlamentaria que constitucionalmente se dio Espa\u00f1a en el a\u00f1o 78. Es sano para la democracia, y adem\u00e1s en ella tiene su origen, que ninguna instituci\u00f3n sea incuestionable. La discusi\u00f3n cr\u00edtica racional sobre qu\u00e9 estructura de convivencia se desea refuerza la legitimidad de la que se elige. Lo que pasa es que en torno a este asunto, tengo visto que la determinaci\u00f3n te\u00f3rica de muchos republicanos se convierte en una indisimulada carrera por hacerse con una foto sonriendo junto a un miembro de la realeza en cuanto se presta ocasi\u00f3n. Conozco a m\u00e1s de un ac\u00e9rrimo no-mon\u00e1rquico que se llevar\u00eda el disgusto del siglo si no le invitaran, creyendo corresponderle, a un acto con los reyes o con los pr\u00edncipes. Y al que le faltar\u00eda tiempo de poner el retrato del besamanos en el sal\u00f3n de casa, al lado de la bandera tricolor de la II Rep\u00fablica y de un escudo de la vieja Uni\u00f3n Sovi\u00e9tica. Los brillos de las coronas y de las tiaras tienen una magia seductora especial, capaz de arrinconar por un rato f\u00e9rreos principios incuestionables que ya se defender\u00e1n ma\u00f1ana en la calle en manifestaci\u00f3n pidiendo la expulsi\u00f3n de los Borbones.<\/p>\n<p>Cuando yo era concejal, no me perd\u00ed ni una sola invitaci\u00f3n para actos religiosos que organizara el Obispado, no siendo como no soy cat\u00f3lico. Incluso en una celebraci\u00f3n del Corpus fui el \u00fanico representante del municipio que asisti\u00f3, porque coincid\u00eda con unas elecciones europeas y el resto de los miembros del pleno estaban a obligaciones partidistas. Es cierto que yo hac\u00eda entonces, y hago ahora, firme apolog\u00eda de la aconfesionalidad del Estado, pero no se me llenaba la boca pidiendo la abolici\u00f3n de la Iglesia y la desamortizaci\u00f3n de sus bienes. Ni tampoco acud\u00eda a todo correr a besar el anillo del obispo para luego fardar en privado de tener unas fotos con \u00e9l, mientras en p\u00fablico reclamaba ponerlo en la frontera.<\/p>\n<p>Embelesarse con la Corona parece cosa de se\u00f1oras mayores que hacen horas delante de una valla para ver a sus miembros pasar, o de se\u00f1ores de la derecha expertos en taconazos y en doblar el cuello como s\u00fabditos leales. La experiencia, y ejemplos no faltan, dice que tambi\u00e9n lo es de ac\u00e9rrimos detractores que <em>pierden el culo<\/em> por colocarse en la fila de los abrazos y hacer corrillos con una infanta, un principe o un rey. Seguro que si del acto de do\u00f1a Letizia en Santander se observan con cuidado las fotos de los medios, se encuentra a m\u00e1s de uno.<\/p>\n","protected":false},"excerpt":{"rendered":"<p>A prop\u00f3sito de la visita a Santander de la Princesa de Asturias para inaugurar el curso en la FP, pregunt\u00e9 a un concejal socialista, que presupongo republicano, si hab\u00eda acudido a inclinar la cabeza ante do\u00f1a Letizia. Lo tuvo f\u00e1cil para soslayar la respuesta, porque por lo visto no le hab\u00edan invitado. Mi amigo don [&#8230;]<\/p>\n","protected":false},"author":2,"featured_media":0,"comment_status":"open","ping_status":"closed","sticky":false,"template":"","format":"standard","meta":{"footnotes":""},"categories":[3],"tags":[],"class_list":["post-643","post","type-post","status-publish","format-standard","hentry","category-general"],"_links":{"self":[{"href":"https:\/\/www.opinioneslibres.es\/apesardetodo\/index.php?rest_route=\/wp\/v2\/posts\/643","targetHints":{"allow":["GET"]}}],"collection":[{"href":"https:\/\/www.opinioneslibres.es\/apesardetodo\/index.php?rest_route=\/wp\/v2\/posts"}],"about":[{"href":"https:\/\/www.opinioneslibres.es\/apesardetodo\/index.php?rest_route=\/wp\/v2\/types\/post"}],"author":[{"embeddable":true,"href":"https:\/\/www.opinioneslibres.es\/apesardetodo\/index.php?rest_route=\/wp\/v2\/users\/2"}],"replies":[{"embeddable":true,"href":"https:\/\/www.opinioneslibres.es\/apesardetodo\/index.php?rest_route=%2Fwp%2Fv2%2Fcomments&post=643"}],"version-history":[{"count":3,"href":"https:\/\/www.opinioneslibres.es\/apesardetodo\/index.php?rest_route=\/wp\/v2\/posts\/643\/revisions"}],"predecessor-version":[{"id":646,"href":"https:\/\/www.opinioneslibres.es\/apesardetodo\/index.php?rest_route=\/wp\/v2\/posts\/643\/revisions\/646"}],"wp:attachment":[{"href":"https:\/\/www.opinioneslibres.es\/apesardetodo\/index.php?rest_route=%2Fwp%2Fv2%2Fmedia&parent=643"}],"wp:term":[{"taxonomy":"category","embeddable":true,"href":"https:\/\/www.opinioneslibres.es\/apesardetodo\/index.php?rest_route=%2Fwp%2Fv2%2Fcategories&post=643"},{"taxonomy":"post_tag","embeddable":true,"href":"https:\/\/www.opinioneslibres.es\/apesardetodo\/index.php?rest_route=%2Fwp%2Fv2%2Ftags&post=643"}],"curies":[{"name":"wp","href":"https:\/\/api.w.org\/{rel}","templated":true}]}}