{"id":662,"date":"2013-12-12T21:49:01","date_gmt":"2013-12-12T21:49:01","guid":{"rendered":"https:\/\/www.opinioneslibres.es\/apesardetodo\/?p=662"},"modified":"2013-12-12T21:49:01","modified_gmt":"2013-12-12T21:49:01","slug":"cruzando-cartas-i","status":"publish","type":"post","link":"https:\/\/www.opinioneslibres.es\/apesardetodo\/?p=662","title":{"rendered":"Cruzando cartas (I)"},"content":{"rendered":"<p align=\"right\">Madrid, 13 de diciembre de 2.013<\/p>\n<p>Mi querido don Alfonso:<\/p>\n<p>En la distancia f\u00edsica que nos separa, que no de la amistad con la que me honra desde hace a\u00f1os, he querido compartir con usted algunas reflexiones que mejoren nuestra personal visi\u00f3n de la realidad pol\u00edtica que nos rodea.<\/p>\n<p>Ambos, desde nuestras diversas posiciones ideol\u00f3gicas, que por cierto nunca han sido obst\u00e1culo para mantener un fluido y honesto intercambio intelectual de ideas y planteamientos, hacemos de la expresi\u00f3n p\u00fablica de nuestro pensamiento un acto de fe de libertad y de coherencia, que ayude a quien se quiera ayudar a reforzar el suyo personal con argumentos que son fruto de nuestra experiencia en el muchas veces pantanoso terreno de la vida p\u00fablica y partidista. Soy un firme convencido, como me consta que lo es usted, de que es del di\u00e1logo sosegado y sincero entre diversos de donde surgen siempre las mejores soluciones a los problemas. Me aventuro a que ese sea el objetivo de estar carta, y de las que puedan venir despu\u00e9s.<\/p>\n<p>Justo despu\u00e9s de ser elegido presidente del CGPJ (por cierto, habremos de discutir sobre esta cosa curiosa de la independencia de poderes cuando el m\u00e1ximo \u00f3rgano de gobierno de los jueces se pacta entre los partidos), el magistrado Carlos Lesmes ha hecho una distinci\u00f3n entre conservadores y neoliberales, explicando que los primeros apuestan por &#8216;la necesidad de que exista un Estado protector y fuerte&#8217; frente a lo que sostienen los segundos, &#8216;que es muy bonito para los triunfadores&#8217;. A fuer de ser sincero, hasta ahora siempre hab\u00eda cre\u00eddo que la defensa de un Estado que haga de la protecci\u00f3n de sus ciudadanos uno de sus pilares existenciales b\u00e1sicos era cosa la izquierda, aunque no le niego que me alegra que alguien elegido para encabezar una de las principales instituciones constitucionales espa\u00f1olas en nombre del Partido Popular tenga tal planteamiento. Est\u00e1 por ver c\u00f3mo hace de ello traslaci\u00f3n a su trabajo en el entorno de la Justicia, tan devaluada y desprestigiada entre nuestros conciudadanos, precisamente, por hacer de la desigualdad muchas veces el leitmotiv de su actividad. Quedan claras en sus palabras, por otro lado, la dif\u00edcil convivencia que parece darse en la derecha espa\u00f1ola entre sus diferentes familias ideol\u00f3gicas (de las del Partido Socialista tambi\u00e9n podemos hablar en futura ocasi\u00f3n, y me agradar\u00e1 conocer su particular visi\u00f3n al respecto). Supongo que alguien como usted, que ha visto lo suyo en los \u00faltimos treinta a\u00f1os, podr\u00e1 mejorarme esta percepci\u00f3n, quiz\u00e1 demasiado estandarizada entre quienes militamos en la otra orilla pol\u00edtica, y aquella diferenciaci\u00f3n que ha tenido a bien regalarnos el flamante presidente del Tribunal Supremo.<\/p>\n<p>Por ser mi primera carta, y en el \u00e1nimo de no aburrirle antes de que este intercambio nos aporte a ambos nuevos argumentos intelectuales con los que mejorar como observadores de la realidad, y como personas, me permito preguntarle su opini\u00f3n sobre ese enredo de pregunta que han parido los partidos independentistas catalanes para un referendo que no se va a llevar a cabo. Perm\u00edtame que deje la m\u00eda para responder a la suya, porque este tema me tiene muy aburrido de tantas vueltas que ha dado, y de tantas tonter\u00edas que al respecto llevan meses y meses dici\u00e9ndose. Le apuntar\u00e9 solamente que me parece que bien poco quehacer deben tener en Catalu\u00f1a los que gobiernan para andarse con estos enredos.<\/p>\n<p>Quedo a la espera de sus noticias, que sabe recibo siempre con el mayor de los intereses y el mejor de los \u00e1nimos. Suyo afect\u00edsimo,<\/p>\n<p align=\"right\">Victor Javier Cavia.<\/p>\n","protected":false},"excerpt":{"rendered":"<p>Madrid, 13 de diciembre de 2.013 Mi querido don Alfonso: En la distancia f\u00edsica que nos separa, que no de la amistad con la que me honra desde hace a\u00f1os, he querido compartir con usted algunas reflexiones que mejoren nuestra personal visi\u00f3n de la realidad pol\u00edtica que nos rodea. Ambos, desde nuestras diversas posiciones ideol\u00f3gicas, [&#8230;]<\/p>\n","protected":false},"author":2,"featured_media":0,"comment_status":"open","ping_status":"closed","sticky":false,"template":"","format":"standard","meta":{"footnotes":""},"categories":[3],"tags":[],"class_list":["post-662","post","type-post","status-publish","format-standard","hentry","category-general"],"_links":{"self":[{"href":"https:\/\/www.opinioneslibres.es\/apesardetodo\/index.php?rest_route=\/wp\/v2\/posts\/662","targetHints":{"allow":["GET"]}}],"collection":[{"href":"https:\/\/www.opinioneslibres.es\/apesardetodo\/index.php?rest_route=\/wp\/v2\/posts"}],"about":[{"href":"https:\/\/www.opinioneslibres.es\/apesardetodo\/index.php?rest_route=\/wp\/v2\/types\/post"}],"author":[{"embeddable":true,"href":"https:\/\/www.opinioneslibres.es\/apesardetodo\/index.php?rest_route=\/wp\/v2\/users\/2"}],"replies":[{"embeddable":true,"href":"https:\/\/www.opinioneslibres.es\/apesardetodo\/index.php?rest_route=%2Fwp%2Fv2%2Fcomments&post=662"}],"version-history":[{"count":10,"href":"https:\/\/www.opinioneslibres.es\/apesardetodo\/index.php?rest_route=\/wp\/v2\/posts\/662\/revisions"}],"predecessor-version":[{"id":672,"href":"https:\/\/www.opinioneslibres.es\/apesardetodo\/index.php?rest_route=\/wp\/v2\/posts\/662\/revisions\/672"}],"wp:attachment":[{"href":"https:\/\/www.opinioneslibres.es\/apesardetodo\/index.php?rest_route=%2Fwp%2Fv2%2Fmedia&parent=662"}],"wp:term":[{"taxonomy":"category","embeddable":true,"href":"https:\/\/www.opinioneslibres.es\/apesardetodo\/index.php?rest_route=%2Fwp%2Fv2%2Fcategories&post=662"},{"taxonomy":"post_tag","embeddable":true,"href":"https:\/\/www.opinioneslibres.es\/apesardetodo\/index.php?rest_route=%2Fwp%2Fv2%2Ftags&post=662"}],"curies":[{"name":"wp","href":"https:\/\/api.w.org\/{rel}","templated":true}]}}