{"id":743,"date":"2014-03-13T09:01:40","date_gmt":"2014-03-13T09:01:40","guid":{"rendered":"https:\/\/www.opinioneslibres.es\/apesardetodo\/?p=743"},"modified":"2014-03-13T08:54:41","modified_gmt":"2014-03-13T08:54:41","slug":"robando-fotos","status":"publish","type":"post","link":"https:\/\/www.opinioneslibres.es\/apesardetodo\/?p=743","title":{"rendered":"&#8216;Robando&#8217; fotos"},"content":{"rendered":"<p><a href=\"https:\/\/www.opinioneslibres.es\/apesardetodo\/wp-content\/uploads\/2014\/03\/Foto_Robada.jpg\" target=\"_blank\"><img loading=\"lazy\" decoding=\"async\" class=\"alignright  wp-image-746\" alt=\"Foto_Robada\" src=\"https:\/\/www.opinioneslibres.es\/apesardetodo\/wp-content\/uploads\/2014\/03\/Foto_Robada-300x300.jpg\" width=\"282\" height=\"282\" srcset=\"https:\/\/www.opinioneslibres.es\/apesardetodo\/wp-content\/uploads\/2014\/03\/Foto_Robada-300x300.jpg 300w, https:\/\/www.opinioneslibres.es\/apesardetodo\/wp-content\/uploads\/2014\/03\/Foto_Robada-150x150.jpg 150w, https:\/\/www.opinioneslibres.es\/apesardetodo\/wp-content\/uploads\/2014\/03\/Foto_Robada-1024x1024.jpg 1024w\" sizes=\"auto, (max-width: 282px) 100vw, 282px\" \/><\/a>La hija de una amiga de mi madre tiene un blog. Una cosa sencilla, sin pretensiones, como otros muchos que pueblan la red. Le gusta el &#8216;<em>patchwork<\/em>&#8216;, y escribe sobre ello para compartir experiencias, pero sobre todo para entretenerse. En diciembre, en Sar\u00f3n, se celebr\u00f3 un mercadillo navide\u00f1o sobre esta manualidad, y Lara (que as\u00ed se llama la chica) hizo un post e incluy\u00f3 varias fotograf\u00edas. En una de ellas, que tir\u00f3 su marido, salen mi madre y Josefina, la suya, a las que pese a estar en un lugar p\u00fablico, pidieron permiso, tanto para retratar como para reproducir el retrato en el blog. Hace una semana, el d\u00eda 6, <em>El Diario Monta\u00f1\u00e9s<\/em> incluy\u00f3 en sus ediciones en papel y digital la fotograf\u00eda del blog de Lara para ilustrar una noticia. Lo hizo sin pedir permiso, sin incluir autor\u00eda, sin hacer ninguna referencia a su origen, atribuy\u00e9ndosela como propia. Y adem\u00e1s, en una informaci\u00f3n sobre el mercado de Sar\u00f3n que nada ten\u00eda que ver ni con el post ni con el evento del que este habla, en un ejercicio palpable de vagancia, de falta de profesionalidad y de mala baba.<\/p>\n<p>Lara est\u00e1 muy enfadada. Y su marido, y mi madre, y la suya. Y yo. Ha pedido explicaciones por este uso indebido de la foto, y desde <em>El Diario Monta\u00f1\u00e9s<\/em> le han dado la callada por respuesta. Yo tambi\u00e9n se las ped\u00ed a alguien que trabaja en ese medio, y algunas palabras hemos cruzado, pero por desgracia peores que el hecho en si del &#8216;robo&#8217; (ojo al entrecomillado, que es el mismo que he empleado en mi denuncia del asunto a trav\u00e9s de las redes sociales). A Lara le han tomado el pelo dos veces, &#8216;rob\u00e1ndole&#8217; la foto y no d\u00e1ndole excusa de la fechor\u00eda. Y a m\u00ed, mi interlocutor me ha tomado por tonto. Ha tachado mi apoyo a Lara en su derecho a una disculpa de &#8216;bobada&#8217; (sic), y justificado el empleo de la fotograf\u00eda sin autorizaci\u00f3n por tratarse de una foto &#8216;sin el mayor inter\u00e9s, nada comprometedora, en un lugar p\u00fablico&#8217; (sic). De que la foto no es propiedad del peri\u00f3dico que la ha publicado, que deber\u00eda haber obtenido consentimiento para ello, no ha dicho nada. De que despu\u00e9s de utilizarla, sabiendo que no pod\u00edan, deber\u00edan haber contestado al requerimiento de Lara de una explicaci\u00f3n, tampoco. De que no se puede ir por el mundo atropellando la propiedad intelectual ajena, y menos a\u00fan menospreciando con soberbia el leg\u00edtimo enfado de a quienes se la pisotean, menos a\u00fan.<\/p>\n<p>La generalizaci\u00f3n entre la ciudadan\u00eda de los canales y las herramientas para poder expresarse gracias a las nuevas tecnolog\u00edas, ha tra\u00eddo consigo tambi\u00e9n la generalizaci\u00f3n de abusos como el que ha cometido <em>El Diario Monta\u00f1\u00e9s<\/em> con la fotograf\u00eda de Lara. Nadie que publique en el &#8216;<em>social media<\/em>&#8216; est\u00e1 a salvo de que un medio de comunicaci\u00f3n cualquiera le &#8216;robe&#8217; un art\u00edculo, una fotograf\u00eda, un video. Con total impunidad, sin cortarse un pelo, ampar\u00e1ndose en una legislaci\u00f3n compleja de entender y que manipulan a su antojo. Ni tampoco lo est\u00e1 de que le ventilen su justa queja, si es que lo hacen, con burdas explicaciones sin ning\u00fan poso de inteligencia como las que a m\u00ed me han dado. La falta absoluta de \u00e9tica profesional que implica apropiarse de la creaci\u00f3n ajena, que es exactamente lo que ha hecho <em>El Diario Monta\u00f1\u00e9s<\/em>, campa a sus anchas en las redacciones de muchos medios informativos que han encontrado en la &#8216;sustracci\u00f3n&#8217; de lo de otros una v\u00eda para suplir carencias e incapacidades.<\/p>\n<p>Las grandes empresas de la comunicaci\u00f3n han conseguido que el gobierno les apruebe una norma que obliga a los indexadores de noticias y a los espacios que las recogen de otros al pago de compensaciones por el beneficio que estos obtienen con un trabajo que no hacen ellos. A\u00fan poniendo en duda que esto sea as\u00ed, y considerando que la medida empobrecer\u00e1 la capacidad que tenemos para informarnos, nada que objetar. Los resultados del ingenio, por sencillos que parezcan, hay que respetarlos, y en su vertiente mercantil, pagarlos. Pero no es de recibo que mientras ellos, por la ma\u00f1ana, denuncian plagios, copias y &#8216;robos&#8217; de su producci\u00f3n, se dediquen, por la noche, como ha hecho <em>El Diario Monta\u00f1\u00e9s<\/em>, a &#8216;levantar&#8217; las elaboraciones de otros. Lara se merece un respeto que no ha tenido, id\u00e9ntico al que este peri\u00f3dico ha reclamado cuando sus informaciones han sido hurtadas para ocupar espacios ajenos. \u00bfQu\u00e9 pasar\u00eda si ella, o yo, mont\u00e1ramos un digital que &#8216;fusile&#8217; sus publicaciones, sin pedir permiso y callando &#8216;como putas&#8217; cuando nos reclamen explicaciones?. Acabar\u00edamos en un juzgado y arruinados. En realidad no, porque a la gente normal estas cosas de piratas del siglo XXI no se nos ocurre hacerlas. Ni justificarlas con la indecencia del desprecio a la calidad de lo que hacen otros para dar por bueno que de quien no son las coja sin permiso.<\/p>\n<p>(Lara sigue hoy, una semana despu\u00e9s del &#8216;robo&#8217; de su foto, sin recibir ninguna explicaci\u00f3n por parte de <em>El Diario Monta\u00f1\u00e9s<\/em>. Las excusas que yo he recibido lo han sido en una agria conversaci\u00f3n privada con un empleado de ese medio de comunicaci\u00f3n, en la que no ha sido capaz de dar respuesta a la pregunta de por qu\u00e9 &#8216;su&#8217; peri\u00f3dico ha usado una foto sin permiso. Mi madre, y la madre de Lara, que aparecen en la fotograf\u00eda publicada sin autorizaci\u00f3n, jam\u00e1s hubieran consentido salir en modo alguno retratadas en <em>El Diario Monta\u00f1\u00e9s<\/em>).<\/p>\n","protected":false},"excerpt":{"rendered":"<p>La hija de una amiga de mi madre tiene un blog. Una cosa sencilla, sin pretensiones, como otros muchos que pueblan la red. Le gusta el &#8216;patchwork&#8216;, y escribe sobre ello para compartir experiencias, pero sobre todo para entretenerse. En diciembre, en Sar\u00f3n, se celebr\u00f3 un mercadillo navide\u00f1o sobre esta manualidad, y Lara (que as\u00ed [&#8230;]<\/p>\n","protected":false},"author":2,"featured_media":0,"comment_status":"open","ping_status":"closed","sticky":false,"template":"","format":"standard","meta":{"footnotes":""},"categories":[3],"tags":[],"class_list":["post-743","post","type-post","status-publish","format-standard","hentry","category-general"],"_links":{"self":[{"href":"https:\/\/www.opinioneslibres.es\/apesardetodo\/index.php?rest_route=\/wp\/v2\/posts\/743","targetHints":{"allow":["GET"]}}],"collection":[{"href":"https:\/\/www.opinioneslibres.es\/apesardetodo\/index.php?rest_route=\/wp\/v2\/posts"}],"about":[{"href":"https:\/\/www.opinioneslibres.es\/apesardetodo\/index.php?rest_route=\/wp\/v2\/types\/post"}],"author":[{"embeddable":true,"href":"https:\/\/www.opinioneslibres.es\/apesardetodo\/index.php?rest_route=\/wp\/v2\/users\/2"}],"replies":[{"embeddable":true,"href":"https:\/\/www.opinioneslibres.es\/apesardetodo\/index.php?rest_route=%2Fwp%2Fv2%2Fcomments&post=743"}],"version-history":[{"count":6,"href":"https:\/\/www.opinioneslibres.es\/apesardetodo\/index.php?rest_route=\/wp\/v2\/posts\/743\/revisions"}],"predecessor-version":[{"id":750,"href":"https:\/\/www.opinioneslibres.es\/apesardetodo\/index.php?rest_route=\/wp\/v2\/posts\/743\/revisions\/750"}],"wp:attachment":[{"href":"https:\/\/www.opinioneslibres.es\/apesardetodo\/index.php?rest_route=%2Fwp%2Fv2%2Fmedia&parent=743"}],"wp:term":[{"taxonomy":"category","embeddable":true,"href":"https:\/\/www.opinioneslibres.es\/apesardetodo\/index.php?rest_route=%2Fwp%2Fv2%2Fcategories&post=743"},{"taxonomy":"post_tag","embeddable":true,"href":"https:\/\/www.opinioneslibres.es\/apesardetodo\/index.php?rest_route=%2Fwp%2Fv2%2Ftags&post=743"}],"curies":[{"name":"wp","href":"https:\/\/api.w.org\/{rel}","templated":true}]}}