{"id":771,"date":"2014-04-29T13:32:18","date_gmt":"2014-04-29T13:32:18","guid":{"rendered":"https:\/\/www.opinioneslibres.es\/apesardetodo\/?p=771"},"modified":"2014-05-01T01:01:12","modified_gmt":"2014-05-01T01:01:12","slug":"5-anos-opinando-libremente","status":"publish","type":"post","link":"https:\/\/www.opinioneslibres.es\/apesardetodo\/?p=771","title":{"rendered":"5 a\u00f1os opinando libremente"},"content":{"rendered":"<p>Hace cinco a\u00f1os, Alfonso del Amo me propuso iniciar una aventura editorial, esta. Quer\u00eda que unos cuantos pusi\u00e9ramos en un contenedor de opiniones nuestros <a href=\"https:\/\/www.opinioneslibres.es\/apesardetodo\/wp-content\/uploads\/2014\/04\/Libertad_Expresion.jpg\" target=\"_blank\"><img loading=\"lazy\" decoding=\"async\" class=\"alignright size-medium wp-image-774\" alt=\"Libertad_Expresion\" src=\"https:\/\/www.opinioneslibres.es\/apesardetodo\/wp-content\/uploads\/2014\/04\/Libertad_Expresion-300x300.jpg\" width=\"300\" height=\"300\" srcset=\"https:\/\/www.opinioneslibres.es\/apesardetodo\/wp-content\/uploads\/2014\/04\/Libertad_Expresion-300x300.jpg 300w, https:\/\/www.opinioneslibres.es\/apesardetodo\/wp-content\/uploads\/2014\/04\/Libertad_Expresion-150x150.jpg 150w, https:\/\/www.opinioneslibres.es\/apesardetodo\/wp-content\/uploads\/2014\/04\/Libertad_Expresion.jpg 1024w\" sizes=\"auto, (max-width: 300px) 100vw, 300px\" \/><\/a>pensamientos, sin m\u00e1s l\u00edmite que el de nuestra propia capacidad para la inteligencia, adem\u00e1s de los del respeto y la tolerancia, que se presuponen a cualquiera con una formaci\u00f3n b\u00e1sica en convivencia y con aut\u00e9ntico sentimiento democr\u00e1tico. Me apunt\u00e9, y aqu\u00ed sigo despu\u00e9s de un lustro.<\/p>\n<p>Alguien alguna vez todav\u00eda me pregunta por qu\u00e9 escribo en esta revista digital. Siempre respondo lo mismo. En primer lugar, porque me da la gana, que es la m\u00e1xima expresi\u00f3n de la libertad que tengo para hacer las cosas. En segundo lugar, porque me siento absolutamente a gusto haci\u00e9ndolo aqu\u00ed. Jam\u00e1s ninguno de mis compa\u00f1eros de aventura editorial ha puesto la m\u00e1s m\u00ednima pega a mis escritos. Cuando con alg\u00fan argumento no han estado de acuerdo, me lo han hecho saber a trav\u00e9s de sus comentarios, tan libres como mis opiniones. Con civismo y con educaci\u00f3n, algo que por ah\u00ed fuera muchas veces escasea. Y en tercer lugar, porque escribiendo con todos ellos, ellos y yo hemos demostrado que se pueden compartir espacios para expresarse desde trincheras ideol\u00f3gicas diversas sin que de ello se derive, con cada art\u00edculo, una guerra civil.<\/p>\n<p>Escribir me encanta. Me libera de tensiones emocionales, me permite dar rienda suelta al pensamiento, y ayuda a conocerme si se me lee sin prejuicios (y quien lo haga con ellos lleva en el pecado la penitencia). Hacerlo en este medio adem\u00e1s me satisface. No me cabe duda de lo interesante que resultar\u00eda que hubiera m\u00e1s huecos para opinar como este, donde quienes lo ocupamos hemos hecho de la m\u00e1s absoluta libertad para decir, para contradecir, para desdecir, incluso para no decir, la base de nuestra relaci\u00f3n. Sin m\u00e1s censura que la que la prudencia, o el pudor, nos aconsejen. Ganar\u00edamos todos.<\/p>\n","protected":false},"excerpt":{"rendered":"<p>Hace cinco a\u00f1os, Alfonso del Amo me propuso iniciar una aventura editorial, esta. Quer\u00eda que unos cuantos pusi\u00e9ramos en un contenedor de opiniones nuestros pensamientos, sin m\u00e1s l\u00edmite que el de nuestra propia capacidad para la inteligencia, adem\u00e1s de los del respeto y la tolerancia, que se presuponen a cualquiera con una formaci\u00f3n b\u00e1sica en [&#8230;]<\/p>\n","protected":false},"author":2,"featured_media":0,"comment_status":"open","ping_status":"closed","sticky":false,"template":"","format":"standard","meta":{"footnotes":""},"categories":[3],"tags":[],"class_list":["post-771","post","type-post","status-publish","format-standard","hentry","category-general"],"_links":{"self":[{"href":"https:\/\/www.opinioneslibres.es\/apesardetodo\/index.php?rest_route=\/wp\/v2\/posts\/771","targetHints":{"allow":["GET"]}}],"collection":[{"href":"https:\/\/www.opinioneslibres.es\/apesardetodo\/index.php?rest_route=\/wp\/v2\/posts"}],"about":[{"href":"https:\/\/www.opinioneslibres.es\/apesardetodo\/index.php?rest_route=\/wp\/v2\/types\/post"}],"author":[{"embeddable":true,"href":"https:\/\/www.opinioneslibres.es\/apesardetodo\/index.php?rest_route=\/wp\/v2\/users\/2"}],"replies":[{"embeddable":true,"href":"https:\/\/www.opinioneslibres.es\/apesardetodo\/index.php?rest_route=%2Fwp%2Fv2%2Fcomments&post=771"}],"version-history":[{"count":7,"href":"https:\/\/www.opinioneslibres.es\/apesardetodo\/index.php?rest_route=\/wp\/v2\/posts\/771\/revisions"}],"predecessor-version":[{"id":779,"href":"https:\/\/www.opinioneslibres.es\/apesardetodo\/index.php?rest_route=\/wp\/v2\/posts\/771\/revisions\/779"}],"wp:attachment":[{"href":"https:\/\/www.opinioneslibres.es\/apesardetodo\/index.php?rest_route=%2Fwp%2Fv2%2Fmedia&parent=771"}],"wp:term":[{"taxonomy":"category","embeddable":true,"href":"https:\/\/www.opinioneslibres.es\/apesardetodo\/index.php?rest_route=%2Fwp%2Fv2%2Fcategories&post=771"},{"taxonomy":"post_tag","embeddable":true,"href":"https:\/\/www.opinioneslibres.es\/apesardetodo\/index.php?rest_route=%2Fwp%2Fv2%2Ftags&post=771"}],"curies":[{"name":"wp","href":"https:\/\/api.w.org\/{rel}","templated":true}]}}