{"id":809,"date":"2014-12-08T16:31:46","date_gmt":"2014-12-08T16:31:46","guid":{"rendered":"https:\/\/www.opinioneslibres.es\/apesardetodo\/?p=809"},"modified":"2014-12-08T16:32:40","modified_gmt":"2014-12-08T16:32:40","slug":"candidatos-candidaturas","status":"publish","type":"post","link":"https:\/\/www.opinioneslibres.es\/apesardetodo\/?p=809","title":{"rendered":"Elecciones, candidatos"},"content":{"rendered":"<p><a href=\"https:\/\/www.opinioneslibres.es\/apesardetodo\/wp-content\/uploads\/2014\/12\/1321532704_842095_1321543631_sumario_normal.jpg\" target=\"_blank\"><img loading=\"lazy\" decoding=\"async\" class=\"wp-image-823 alignright\" alt=\"1321532704_842095_1321543631_sumario_normal\" src=\"https:\/\/www.opinioneslibres.es\/apesardetodo\/wp-content\/uploads\/2014\/12\/1321532704_842095_1321543631_sumario_normal.jpg\" width=\"264\" height=\"226\" \/><\/a>Ya no queda nada para que el show multicolor de las elecciones locales, con su carrusel de m\u00edtines multitudinarios (una cosa muy antigua que s\u00f3lo se sigue usando para ver qui\u00e9n la tiene m\u00e1s grande&#8230;), visitas a los mercados (otra antig\u00fcedad que aunque se acompa\u00f1e de entrega de flores o de caramelos y globos queda igual de pasada de moda) y reparto de propaganda por la calle (los que tienen posibles, adem\u00e1s montan tenderetes para que los militantes m\u00e1s destacados luzcan afiliaci\u00f3n activa) aterrice en nuestras vidas. Todos esos pol\u00edticos que llevamos cuatro a\u00f1os sin ver el pelo, o vi\u00e9ndoselo pero poco y mecido por el viento en sesiones de fotos para la galer\u00eda, se nos har\u00e1n tan cotidianos como el caf\u00e9 con leche de la ma\u00f1ana. Aburridamente cotidianos, por cierto, contando lo de siempre, meti\u00e9ndose con el de enfrente como siempre, y haci\u00e9ndonos pasar por tontos con sus charlatanadas inconsistentes de siempre. Dir\u00eda que el rollo dura s\u00f3lo los 15 d\u00edas de campa\u00f1a (y los tres meses de precampa\u00f1a, con sus inauguraciones de cemento fresco, infograf\u00edas de colores y mucha cara dura, sobre todo mucha cara dura), pero por desgracia aguantarles incluso sin verles en toda la legislatura nos ocupa cuatro largos a\u00f1os.<\/p>\n<p>Santander ya tiene dos candidatos, que son m\u00e1s de lo mismo en las dos orillas del r\u00edo ideol\u00f3gico. De la Serna, para ganar y tirarse todo el mandato viendo qu\u00e9 se apa\u00f1a en el gobierno de Espa\u00f1a para salir por patas de una ciudad que se le ha quedado peque\u00f1a para tanta ambici\u00f3n que dicen amigos m\u00edos que tiene (tambi\u00e9n dicen que se le nota mucho, y que no la gestiona bien, que le puede la soberbia). Y Casares para perder, que es el sino de una izquierda que cambia m\u00e1s de zapatos que una estrella de cine, sin consistencia alguna y herida de muerte desde hace d\u00e9cadas por las luchas internas escenificadas con luz, taqu\u00edgrafos y a muerte, sin verg\u00fcenza alguna porque se les vean las verg\u00fcenzas a cada candidato que seleccionan. Con todo el respeto del mundo a los que votan, que son los que eligen (y al partido que lo nomina, faltar\u00eda m\u00e1s), un mono que fuera en el cartel electoral de la derecha, un mono que ser\u00eda investido alcalde. En Santander lo malo conocido triunfa, y lo bueno por conocer no es ni bueno, ni desconocido.<\/p>\n<p>Y a esta triste partida de cinquillo, que la cosa no da para m\u00e1s, en la que los vecinos hacen de garganzos de las apuestas, ni el PRC repitiendo experimento de regionalismo urbanita de sal\u00f3n (a la sombra de Revilla, arremangado, vendiendo modelos de provincias para superar los males nacionales, para sonrojo de los que se acuerdan que fue 8 a\u00f1os viepresidente con el PP y otros 8 presidente con el PSOE), ni IU o UPyD jug\u00e1ndoselo todo a romper el bipartidismo explotando sus propias fragilidades, ni siquiera Podemos y esa fuerza arolladora que transmiten sus l\u00edderes cada vez que abren la boca (y que por ah\u00ed mismo se les va a ir yendo a medida que la jaur\u00eda de los partidos de siempre aprieten el paso para echarlos sin contemplaciones de la mesa de juego) van a ponerle ni una pizca de gracia. La pol\u00edtica de siempre, que hacen los de siempre para conseguir lo de siempre (o sea, nada) est\u00e1 muy sobrevalorada. Sobre todo por los que se dedican a ella, capaces de travestirse de lo que haga falta (y ahora se lleva la regeneraci\u00f3n, la transparencia y el acabar con la corrupci\u00f3n) para seguir pegados a sillones, sillas y butacas.<\/p>\n<p>Esto es lo que hay. Da pereza, sobre todo pereza. Y es cansino, muy cansino. La democracia tiene estas cosas, que para perfeccionarse nos obliga a pasar por escuchar promesas que quien las hace sabe que no va a cumplirlas, por soportar discursos de iluminados que por supuesto que saben lo que hay que hacer para que nos vaya mejor (y a ellos tambi\u00e9n, por descontado), por ver jetas cinceladas al sol de la desfachatez y que llevan a\u00f1os meti\u00e9ndonosla doblada (o que quieren llevarlos). En fin, que no queda otra que tener paciencia y muchas dosis de cinismo para hacer creer a todos esos que dicen ser nuestra salvaci\u00f3n que s\u00ed, que eso es. Y que gane el mejor en mayo, que yo creo que paso.<\/p>\n","protected":false},"excerpt":{"rendered":"<p>Ya no queda nada para que el show multicolor de las elecciones locales, con su carrusel de m\u00edtines multitudinarios (una cosa muy antigua que s\u00f3lo se sigue usando para ver qui\u00e9n la tiene m\u00e1s grande&#8230;), visitas a los mercados (otra antig\u00fcedad que aunque se acompa\u00f1e de entrega de flores o de caramelos y globos queda [&#8230;]<\/p>\n","protected":false},"author":2,"featured_media":0,"comment_status":"open","ping_status":"closed","sticky":false,"template":"","format":"standard","meta":{"footnotes":""},"categories":[3],"tags":[],"class_list":["post-809","post","type-post","status-publish","format-standard","hentry","category-general"],"_links":{"self":[{"href":"https:\/\/www.opinioneslibres.es\/apesardetodo\/index.php?rest_route=\/wp\/v2\/posts\/809","targetHints":{"allow":["GET"]}}],"collection":[{"href":"https:\/\/www.opinioneslibres.es\/apesardetodo\/index.php?rest_route=\/wp\/v2\/posts"}],"about":[{"href":"https:\/\/www.opinioneslibres.es\/apesardetodo\/index.php?rest_route=\/wp\/v2\/types\/post"}],"author":[{"embeddable":true,"href":"https:\/\/www.opinioneslibres.es\/apesardetodo\/index.php?rest_route=\/wp\/v2\/users\/2"}],"replies":[{"embeddable":true,"href":"https:\/\/www.opinioneslibres.es\/apesardetodo\/index.php?rest_route=%2Fwp%2Fv2%2Fcomments&post=809"}],"version-history":[{"count":21,"href":"https:\/\/www.opinioneslibres.es\/apesardetodo\/index.php?rest_route=\/wp\/v2\/posts\/809\/revisions"}],"predecessor-version":[{"id":831,"href":"https:\/\/www.opinioneslibres.es\/apesardetodo\/index.php?rest_route=\/wp\/v2\/posts\/809\/revisions\/831"}],"wp:attachment":[{"href":"https:\/\/www.opinioneslibres.es\/apesardetodo\/index.php?rest_route=%2Fwp%2Fv2%2Fmedia&parent=809"}],"wp:term":[{"taxonomy":"category","embeddable":true,"href":"https:\/\/www.opinioneslibres.es\/apesardetodo\/index.php?rest_route=%2Fwp%2Fv2%2Fcategories&post=809"},{"taxonomy":"post_tag","embeddable":true,"href":"https:\/\/www.opinioneslibres.es\/apesardetodo\/index.php?rest_route=%2Fwp%2Fv2%2Ftags&post=809"}],"curies":[{"name":"wp","href":"https:\/\/api.w.org\/{rel}","templated":true}]}}