{"id":880,"date":"2015-04-30T13:18:09","date_gmt":"2015-04-30T13:18:09","guid":{"rendered":"https:\/\/www.opinioneslibres.es\/apesardetodo\/?p=880"},"modified":"2015-04-30T13:19:50","modified_gmt":"2015-04-30T13:19:50","slug":"880","status":"publish","type":"post","link":"https:\/\/www.opinioneslibres.es\/apesardetodo\/?p=880","title":{"rendered":"Por la vacuna contra la meningitis B"},"content":{"rendered":"<p>El pasado d\u00eda 24 se celebr\u00f3 el <strong>D\u00eda Mundial Contra la Meningitis<\/strong>. La <em>Fundaci\u00f3n &#8216;Irene Meg\u00edas contra la Meningitis\u2019<\/em>, de la que es director general mi amigo <em>Santiago Garc\u00eda<\/em>, ha lanzado una campa\u00f1a en la b\u00fasqueda de apoyos para que el ministerio de Sanidad autorice el uso general de una nueva vacuna contra el meningococo de tipo B, que mejore el control de la enfermedad entre la poblaci\u00f3n en general. Mantienen abierta una recogida de firmas (<a title=\"VacunaMeningitisYA\" href=\"http:\/\/goo.gl\/mifZHr\" target=\"_blank\">http:\/\/goo.gl\/mifZHr<\/a>). Aqu\u00ed puede obtenerse m\u00e1s informaci\u00f3n sobre la campa\u00f1a (<a title=\"VacunaMeningitiasYA\" href=\"http:\/\/goo.gl\/ozjDIH\" target=\"_blank\">http:\/\/goo.gl\/ozjDIH<\/a>). Santiago public\u00f3 con motivo del este d\u00eda mundial una tribuna de opini\u00f3n, que hoy ocupa mi espacio en este digital.<\/p>\n<p><strong>Os invito a leer el art\u00edculo, pero sobre todo a apoyar la campa\u00f1a. Muchas madres y padres, y muchos ni\u00f1os, os lo agradecer\u00e1n.<\/strong><\/p>\n<blockquote><p><strong><\/strong><strong>VACUNA CONTRA LA MENINGITIS B, UNA NECESIDAD SOCIAL URGENTE <\/strong>(Santiago Garc\u00eda, director general de la Fundaci\u00f3n &#8216;Irene Meg\u00edas Contra la Meningitis&#8217;)<\/p>\n<p>Este 24 de abril, auspiciado por CoMO (Confederaci\u00f3n Mundial de Organizaciones de Meningitis) se celebra por s\u00e9ptimo a\u00f1o consecutivo el D\u00eda Mundial de la Meningitis, destinado a la divulgaci\u00f3n y concienciaci\u00f3n global sobre esta grave enfermedad y sus temidas consecuencias, que a\u00fan hoy todos podemos comprobar peri\u00f3dicamente en los medios de comunicaci\u00f3n, as\u00ed como sobre las formas de prevenci\u00f3n disponibles.<\/p>\n<p>Cuando en 2006 unos padres espa\u00f1oles, Puri y Jorge, afectados directamente por la terrible p\u00e9rdida de su hija de 17 a\u00f1os, creaban la Fundaci\u00f3n Irene Meg\u00edas contra la Meningitis (representante nacional de CoMO), ven\u00edan a cubrir un vac\u00edo importante en nuestra sociedad, como es el de crear una entidad y una red parar acoger a los desamparados padres y familiares de afectados por la meningitis y su variante m\u00e1s peligrosa, la sepsis.<\/p>\n<p>Guiados por la filantrop\u00eda, desde la serenidad y siempre en positivo, a lo largo de estos 9 a\u00f1os, la Fundaci\u00f3n ha demostrado ser una herramienta independiente, eficaz, complementaria y de apoyo a nuestro Sistema P\u00fablico de Salud en la lucha contra la meningitis. Adem\u00e1s de atender a los afectados por la enfermedad, la Fundaci\u00f3n ha promovido la divulgaci\u00f3n a los colectivos m\u00e1s sensibles (padres j\u00f3venes, cuidadores, farmac\u00e9uticos, etc.) sobre los s\u00edntomas, la concienciaci\u00f3n sobre la importancia de su detecci\u00f3n precoz para su tratamiento hospitalario urgente, la formaci\u00f3n especializada de los profesionales mediante la Gu\u00eda de Pr\u00e1ctica Cl\u00ednica y la investigaci\u00f3n cient\u00edfica, tanto mediante estudios sociol\u00f3gicos como microbiol\u00f3gicos, epidemiol\u00f3gicos, as\u00ed como estudios sobre predisposici\u00f3n gen\u00e9tica.<\/p>\n<p>La importancia de reconocer los s\u00edntomas a tiempo para un tratamiento urgente era hasta ahora vital, y nuestra \u00fanica herramienta de prevenci\u00f3n, porque nos faltaba una pieza del puzzle. A pesar del avance general en el dise\u00f1o de vacunas de los \u00faltimos 30-40 a\u00f1os (HiB, meningococo C, neumococo, etc.), segu\u00edamos sin tener una vacuna efectiva contra el meningococo B, causante del 85% de los casos de enfermedad meningoc\u00f3cica en Espa\u00f1a., con su interminable serie asociada de fallecimientos y secuelas severas, sobre todo de ni\u00f1os y adolescentes.<\/p>\n<p>Sin embargo, en enero de 2013 conoc\u00edamos una gran noticia: la ciencia y la industria consegu\u00edan, mediante un m\u00e9todo novedoso llamado vacunolog\u00eda inversa, producir la primera vacuna efectiva contra el meningococo B, y \u00e9sta era aprobada por la Agencia Europea del Medicamento, con todos los informes preceptivos de seguridad y eficacia.<\/p>\n<p>En pocos meses, pr\u00e1cticamente todas las agencias nacionales del medicamento se sumaron a la autorizaci\u00f3n: en Alemania, Francia, Portugal, Rep\u00fablica Checa, Italia, Reino Unido, Irlanda, Grecia, Austria, Polonia y Hungr\u00eda la vacuna ya se encuentra disponible y se puede adquirir libremente con prescripci\u00f3n m\u00e9dica en farmacias, as\u00ed como en pa\u00edses fuera de la UE como Australia, Canad\u00e1 y Brasil, y m\u00e1s recientemente fue aprobada por la exigente FDA (Food and Drug Administration) en EEUU.<\/p>\n<p>Sin embargo, en Espa\u00f1a nos encontr\u00e1bamos con la decepcionante decisi\u00f3n de la Agencia Espa\u00f1ola de Medicamentos y Productos Sanitarios (AEMPS), que decidi\u00f3 autorizarla pero restringiendo su uso al \u00e1mbito hospitalario p\u00fablico y para colectivos de riesgo, lo cual supone su administraci\u00f3n a un reducid\u00edsimo n\u00famero de personas y, por ende, su nulo efecto de erradicaci\u00f3n de la enfermedad sobre el global de la sociedad espa\u00f1ola.<\/p>\n<p>Tras 2 a\u00f1os de autorizaci\u00f3n de la vacuna en toda Europa y de pedirle reiteradamente a la AEMPS que reconsiderara su decisi\u00f3n, lo que pasa hoy por hoy en Espa\u00f1a, 4\u00ba pa\u00eds de Europa con m\u00e1s casos de meningitis, es que miles de padres y madres espa\u00f1oles est\u00e1n viajando a Portugal, Francia y Andorra a adquirir la vacuna, para transportarla despu\u00e9s en dudosas condiciones de conservaci\u00f3n en fr\u00edo de vuelta a Espa\u00f1a, hasta la consulta de su pediatra., porque la vacuna no est\u00e1 autorizada para poderse adquirir en las farmacias espa\u00f1olas<\/p>\n<p>Ante esta situaci\u00f3n, la Fundaci\u00f3n ha decidido lanzar una campa\u00f1a de recogida de firmas, tanto online a trav\u00e9s de la plataforma Change.org como f\u00edsicamente en papel, para respaldar nuestra petici\u00f3n a la AEMPS de que autorice definitivamente la venta libre de la vacuna en las farmacias.<\/p>\n<p>En definitiva, creemos que autorizar definitivamente la venta y prescripci\u00f3n libre de la vacuna contra el meningococo B es hoy una necesidad. Si se logra la administraci\u00f3n generalizada de esta vacuna en toda Espa\u00f1a, en no m\u00e1s de dos a\u00f1os la meningitis ser\u00e1 algo del pasado. No perdamos la gran oportunidad que esta vacuna supone para la erradicaci\u00f3n, de una vez por todas, de esta odiosa enfermedad, causante de muerte y sufrimiento a muchas familias espa\u00f1olas.<\/p><\/blockquote>\n","protected":false},"excerpt":{"rendered":"<p>El pasado d\u00eda 24 se celebr\u00f3 el D\u00eda Mundial Contra la Meningitis. La Fundaci\u00f3n &#8216;Irene Meg\u00edas contra la Meningitis\u2019, de la que es director general mi amigo Santiago Garc\u00eda, ha lanzado una campa\u00f1a en la b\u00fasqueda de apoyos para que el ministerio de Sanidad autorice el uso general de una nueva vacuna contra el meningococo [&#8230;]<\/p>\n","protected":false},"author":2,"featured_media":0,"comment_status":"open","ping_status":"closed","sticky":false,"template":"","format":"standard","meta":{"footnotes":""},"categories":[3],"tags":[],"class_list":["post-880","post","type-post","status-publish","format-standard","hentry","category-general"],"_links":{"self":[{"href":"https:\/\/www.opinioneslibres.es\/apesardetodo\/index.php?rest_route=\/wp\/v2\/posts\/880","targetHints":{"allow":["GET"]}}],"collection":[{"href":"https:\/\/www.opinioneslibres.es\/apesardetodo\/index.php?rest_route=\/wp\/v2\/posts"}],"about":[{"href":"https:\/\/www.opinioneslibres.es\/apesardetodo\/index.php?rest_route=\/wp\/v2\/types\/post"}],"author":[{"embeddable":true,"href":"https:\/\/www.opinioneslibres.es\/apesardetodo\/index.php?rest_route=\/wp\/v2\/users\/2"}],"replies":[{"embeddable":true,"href":"https:\/\/www.opinioneslibres.es\/apesardetodo\/index.php?rest_route=%2Fwp%2Fv2%2Fcomments&post=880"}],"version-history":[{"count":3,"href":"https:\/\/www.opinioneslibres.es\/apesardetodo\/index.php?rest_route=\/wp\/v2\/posts\/880\/revisions"}],"predecessor-version":[{"id":883,"href":"https:\/\/www.opinioneslibres.es\/apesardetodo\/index.php?rest_route=\/wp\/v2\/posts\/880\/revisions\/883"}],"wp:attachment":[{"href":"https:\/\/www.opinioneslibres.es\/apesardetodo\/index.php?rest_route=%2Fwp%2Fv2%2Fmedia&parent=880"}],"wp:term":[{"taxonomy":"category","embeddable":true,"href":"https:\/\/www.opinioneslibres.es\/apesardetodo\/index.php?rest_route=%2Fwp%2Fv2%2Fcategories&post=880"},{"taxonomy":"post_tag","embeddable":true,"href":"https:\/\/www.opinioneslibres.es\/apesardetodo\/index.php?rest_route=%2Fwp%2Fv2%2Ftags&post=880"}],"curies":[{"name":"wp","href":"https:\/\/api.w.org\/{rel}","templated":true}]}}