{"id":897,"date":"2015-12-03T20:31:01","date_gmt":"2015-12-03T20:31:01","guid":{"rendered":"https:\/\/www.opinioneslibres.es\/apesardetodo\/?p=897"},"modified":"2015-12-03T20:31:01","modified_gmt":"2015-12-03T20:31:01","slug":"irme-y-ni-asi","status":"publish","type":"post","link":"https:\/\/www.opinioneslibres.es\/apesardetodo\/?p=897","title":{"rendered":"Irme, y ni as\u00ed&#8230;"},"content":{"rendered":"<p>De vez en cuando, cuando me meto con alguien del PSOE de Santander o de Cantabria, me sale alg\u00fan palmero local poni\u00e9ndome a escurrir. Que si resentido, que si escocido, que si con envidia. No se dan cuenta de que pinchan en hueso. Primero, porque con la edad estoy en el camino de relativizar la importancia de que me critiquen. Vamos, que se la doy lo justo, y solamente cuando viene de alguien contrastado. Mis respetos est\u00e1n cada d\u00eda mucho m\u00e1s medidos, no se reparten ni con generosidad. Quienes me insultan porque no tienen m\u00e1s argumento no merecen otra cosa que el m\u00e1s activo de mis desprecios.<\/p>\n<p>En segundo lugar, porque mis opiniones no est\u00e1n cautivas de d\u00e9bitos pendientes ni de favores por abonar. Siempre he dicho lo que me ha dado la gana, y ahora lo hago m\u00e1s que nunca. Es lo que tienen la libertad de expresi\u00f3n y la autonom\u00eda intelectual, valores muy en desuso en los tiralevitas en general, y en particular en los que se revuelven contra mi. A diferencia de ellos, que cantan lo que les escriben (y si no lo hacen pierden colocaciones y sinecuras) mis opiniones son absolutamente independientes, y m\u00edas. No me debo a pensamientos \u00fanicos ni a guiones impuestos ni a posiciones obligadas.<\/p>\n<p>Y en tercer lugar, y no aspiro a que esta raz\u00f3n la entiendan todos ellos, porque la pleites\u00eda acr\u00edtica da\u00f1a el intelecto. Como doblar la espalda por todo, que provoca tirones. No decir con absoluta libertad lo que se piensa vuelve a la gente gilipollas. Y a los gilipollas que repiten como loros lo que piensan otros, m\u00e1s gilipollas a\u00fan. Tener vida propia en el pensamiento es un ejercicio que mejora la vida y ayuda a crecer personalmente.<\/p>\n<p>En 2011 me di de baja del PSOE. Ya he explicado las razones que tuve para hacerlo, y que son tan respetables como las de los que siguen agarrados al clavo ardiendo de la militancia socialista. Nada me ata a direcciones ni a postulados oficiales, esos que tan mal llevan los que me faltan al respeto cada vez que usan el insulto cuando ejerzo mi leg\u00edtimo e ilimitado derecho a criticar a quien de los suyos me de la gana cuando me de la gana. Es verdad que muchos de ellos no pueden aspirar a mayor esfuerzo. Es una cuesti\u00f3n de aptitud. Por eso no se lo tengo en cuenta. A contrincante d\u00e9bil, respeto y compasi\u00f3n. Pero cansa tanta fijaci\u00f3n, y tan pobre argumento. Ni siquiera vivo ya en Santander&#8230;<\/p>\n<p>Seguro que seguir\u00e1n. Como dice mi padre, a un tonto se le acaba el camino pero el tonto contin\u00faa andando. En realidad no pretendo que los tontos me olviden. Me conformo con que me dejen en paz, o en el peor de los casos, sean m\u00e1s profundos, m\u00e1s imaginativos y m\u00e1s veraces con sus reproches. Ganar\u00e1n ellos, que podr\u00e1n descubrir lo sencillo que resulta pensar, y ganar\u00e9 yo, al menos en salud, porque me llevan los demonios con tanta tonter\u00eda.<\/p>\n","protected":false},"excerpt":{"rendered":"<p>De vez en cuando, cuando me meto con alguien del PSOE de Santander o de Cantabria, me sale alg\u00fan palmero local poni\u00e9ndome a escurrir. Que si resentido, que si escocido, que si con envidia. No se dan cuenta de que pinchan en hueso. Primero, porque con la edad estoy en el camino de relativizar la [&#8230;]<\/p>\n","protected":false},"author":2,"featured_media":0,"comment_status":"open","ping_status":"closed","sticky":false,"template":"","format":"standard","meta":{"footnotes":""},"categories":[3],"tags":[],"class_list":["post-897","post","type-post","status-publish","format-standard","hentry","category-general"],"_links":{"self":[{"href":"https:\/\/www.opinioneslibres.es\/apesardetodo\/index.php?rest_route=\/wp\/v2\/posts\/897","targetHints":{"allow":["GET"]}}],"collection":[{"href":"https:\/\/www.opinioneslibres.es\/apesardetodo\/index.php?rest_route=\/wp\/v2\/posts"}],"about":[{"href":"https:\/\/www.opinioneslibres.es\/apesardetodo\/index.php?rest_route=\/wp\/v2\/types\/post"}],"author":[{"embeddable":true,"href":"https:\/\/www.opinioneslibres.es\/apesardetodo\/index.php?rest_route=\/wp\/v2\/users\/2"}],"replies":[{"embeddable":true,"href":"https:\/\/www.opinioneslibres.es\/apesardetodo\/index.php?rest_route=%2Fwp%2Fv2%2Fcomments&post=897"}],"version-history":[{"count":3,"href":"https:\/\/www.opinioneslibres.es\/apesardetodo\/index.php?rest_route=\/wp\/v2\/posts\/897\/revisions"}],"predecessor-version":[{"id":900,"href":"https:\/\/www.opinioneslibres.es\/apesardetodo\/index.php?rest_route=\/wp\/v2\/posts\/897\/revisions\/900"}],"wp:attachment":[{"href":"https:\/\/www.opinioneslibres.es\/apesardetodo\/index.php?rest_route=%2Fwp%2Fv2%2Fmedia&parent=897"}],"wp:term":[{"taxonomy":"category","embeddable":true,"href":"https:\/\/www.opinioneslibres.es\/apesardetodo\/index.php?rest_route=%2Fwp%2Fv2%2Fcategories&post=897"},{"taxonomy":"post_tag","embeddable":true,"href":"https:\/\/www.opinioneslibres.es\/apesardetodo\/index.php?rest_route=%2Fwp%2Fv2%2Ftags&post=897"}],"curies":[{"name":"wp","href":"https:\/\/api.w.org\/{rel}","templated":true}]}}