{"id":902,"date":"2016-03-02T21:12:42","date_gmt":"2016-03-02T21:12:42","guid":{"rendered":"https:\/\/www.opinioneslibres.es\/apesardetodo\/?p=902"},"modified":"2016-03-06T11:55:44","modified_gmt":"2016-03-06T11:55:44","slug":"el-metro","status":"publish","type":"post","link":"https:\/\/www.opinioneslibres.es\/apesardetodo\/?p=902","title":{"rendered":"El metro"},"content":{"rendered":"<p>El metro es un lugar fascinante. Pero el metro de verdad, el que va por debajo de tierra atestado de gente a primera hora y a \u00faltima, con el calor a tope en invierno, y en verano, y que nunca coges a tiempo por mucho que te empe\u00f1es. El de Madrid, con sus frecuencias imposibles, sus escaleras de acceso averiadas y sus l\u00edneas cerradas de junio a octubre por obras de mejora. El de los 54\u20ac de abono mensual para zona A, y los 5 para ir (y otros para volver) al aeropuerto. Ese, y no la pijada que se le ha ocurrido al alcalde de Santander para dilapidar millones sin m\u00e1s justificaci\u00f3n que el ego y esa insufrible necesidad de hacer de la ciudad un para\u00edso de modernidad que ni es ni necesita ser. Con este consistorio, la competici\u00f3n por la excelencia, en cualquier aspecto, est\u00e1 perdida.&nbsp;<\/p>\n<p>En los vagones, y en los andenes, a cualquier hora del d\u00eda hay de todo. La sociedad real, la que curra desde las 7 de la ma\u00f1ana y vuelve a casa a las 11 -a raz\u00f3n de 800\u20ac mensuales-, la que arrastra la vida de costado, la que va siempre justa y no puede entretenerse con florituras, esa viaja en metro, y se hace muchas paradas. En el metro la gente no habla de pactos de gobierno, ni de los invitados de ese remedo de la Espa\u00f1a televisiva oficial de los 70 que es Bert\u00edn Osborne, ni siquiera de los trajes de los Reyes Magos de Carmena. En el metro se habla de cansancio, de contratos que acaban, de contratos de empiezan, de familia que est\u00e1 lejos, de amigos que se van, de pisos compartidos y de habitaciones por alquilar para llegar a fin de mes. No quedan tiempo ni ganas para los adornos, ni para toda esa tonter\u00eda que supura el Madrid capital del Reino en el que conviven los vividores que nos representan con los figurones que les hacen los coros, y a los que solo se ve en los vagones cuando salen en las teles encastradas en el techo.<\/p>\n<p>Cuenta la leyenda que el metro de Madrid era el mejor del mundo. Que ten\u00eda muchas frecuencias, estaba limpio, era barato y se viajaba c\u00f3modo. Ahora cuenta la realidad que la cosa ha ido a peor, con menos trenes, menos espacio, m\u00e1s descuido y m\u00e1s caro en la relaci\u00f3n calidad-precio, esa inhumana ratio que pone a los servicios p\u00fablicos y a quienes los gestionan en el sitio que les corresponde, y que sufrimos los que pagamos unos y a otros. Aun as\u00ed, aqu\u00ed se usa. Mucho. Y se vive. Y se padece. El metro es parte inseparable e irreductible de quienes viven Madrid a diario. De los turistas que van hasta la parada de Sol y lo disfrutan como parte de su viaje tambi\u00e9n, claro, pero sobre todo de los que tienen incluido el tiempo que lo usan en su timing diario. Solo por eso merece m\u00e1s atenci\u00f3n, y m\u00e1s cuidados. Para que adem\u00e1s de una aventura sea un transporte, y un transporte reflejo de su precio, de su uso y de la ciudad que recorre bajo sus calles. El que el alcalde de Santander quiere que adorne la ciudad que sea el que el presupuesto aguante y los santanderinos dejen. El de Madrid, el que hace falta.&nbsp;<\/p>\n","protected":false},"excerpt":{"rendered":"<p>El metro es un lugar fascinante. Pero el metro de verdad, el que va por debajo de tierra atestado de gente a primera hora y a \u00faltima, con el calor a tope en invierno, y en verano, y que nunca coges a tiempo por mucho que te empe\u00f1es. El de Madrid, con sus frecuencias imposibles, [&#8230;]<\/p>\n","protected":false},"author":2,"featured_media":0,"comment_status":"open","ping_status":"closed","sticky":false,"template":"","format":"standard","meta":{"footnotes":""},"categories":[1],"tags":[],"class_list":["post-902","post","type-post","status-publish","format-standard","hentry","category-uncategorized"],"_links":{"self":[{"href":"https:\/\/www.opinioneslibres.es\/apesardetodo\/index.php?rest_route=\/wp\/v2\/posts\/902","targetHints":{"allow":["GET"]}}],"collection":[{"href":"https:\/\/www.opinioneslibres.es\/apesardetodo\/index.php?rest_route=\/wp\/v2\/posts"}],"about":[{"href":"https:\/\/www.opinioneslibres.es\/apesardetodo\/index.php?rest_route=\/wp\/v2\/types\/post"}],"author":[{"embeddable":true,"href":"https:\/\/www.opinioneslibres.es\/apesardetodo\/index.php?rest_route=\/wp\/v2\/users\/2"}],"replies":[{"embeddable":true,"href":"https:\/\/www.opinioneslibres.es\/apesardetodo\/index.php?rest_route=%2Fwp%2Fv2%2Fcomments&post=902"}],"version-history":[{"count":2,"href":"https:\/\/www.opinioneslibres.es\/apesardetodo\/index.php?rest_route=\/wp\/v2\/posts\/902\/revisions"}],"predecessor-version":[{"id":905,"href":"https:\/\/www.opinioneslibres.es\/apesardetodo\/index.php?rest_route=\/wp\/v2\/posts\/902\/revisions\/905"}],"wp:attachment":[{"href":"https:\/\/www.opinioneslibres.es\/apesardetodo\/index.php?rest_route=%2Fwp%2Fv2%2Fmedia&parent=902"}],"wp:term":[{"taxonomy":"category","embeddable":true,"href":"https:\/\/www.opinioneslibres.es\/apesardetodo\/index.php?rest_route=%2Fwp%2Fv2%2Fcategories&post=902"},{"taxonomy":"post_tag","embeddable":true,"href":"https:\/\/www.opinioneslibres.es\/apesardetodo\/index.php?rest_route=%2Fwp%2Fv2%2Ftags&post=902"}],"curies":[{"name":"wp","href":"https:\/\/api.w.org\/{rel}","templated":true}]}}