{"id":908,"date":"2016-04-15T08:08:36","date_gmt":"2016-04-15T08:08:36","guid":{"rendered":"https:\/\/www.opinioneslibres.es\/apesardetodo\/?p=908"},"modified":"2016-04-14T23:07:23","modified_gmt":"2016-04-14T23:07:23","slug":"politica-de-medianias","status":"publish","type":"post","link":"https:\/\/www.opinioneslibres.es\/apesardetodo\/?p=908","title":{"rendered":"Pol\u00edtica de median\u00edas"},"content":{"rendered":"<p>Sigo con inter\u00e9s todo lo que pasa en Cantabria. El circo de tres pistas de la pol\u00edtica nacional me aburre, as\u00ed que qu\u00e9 mejor que pasar al espect\u00e1culo de provincias, mucho m\u00e1s pobre pero con esa gracia mediocre que entretiene durante m\u00e1s tiempo. Adem\u00e1s, conozco mejor a la troup\u00e9, y me cuesta menos identificar sus derivas, que son por cierto las de toda la vida porque ellos mismos son los de toda la vida. Los Revilla, Diez Tezanos, De la Serna, Diego, Casares, Fuentes Pila&#8230; son mis campeones de la sinsustancia guerrera y el rid\u00edculo cateto.<\/p>\n<p>Cada nuevo asunto que salta al escenario p\u00fablico es un remedo de otros tiempos. Esa pelea bronca entre el ayuntamiento de Santander y el gobierno de Cantabria es tan vieja, tan in\u00fatil y tan perjudicial como lo fue siempre. Esos dos gobiernos en uno, esa coalici\u00f3n entre el ego del presidente y la necesidad de supervivencia de la vicepresidenta, da para lo mismo que en 2003. O sea, para nada que no haya sido el ir tirando colocando amigos y pagando favores. Ese parlamento de bullicio de mercado y runr\u00fan de pelea tabernaria sirve para la misma nada que hace a\u00f1os. Cantabria ha vuelto al pasado de los remiendos pol\u00edticos y la desnutrida mediocridad intelectual de sus dirigentes.<\/p>\n<p>La vida pol\u00edtica ha cambiado casi en todas partes. Los emergentes, esos que van de lo nuevo pero que tienen los mismos tics soberbios de lo viejo, han elevado un tono el gris que lo inunda todo. Ah\u00ed est\u00e1 el ayuntamiento de Santander, en manos de un pijo engre\u00eddo que tiene que plegarse a tiempo parcial a su otra derecha si no quiere que la multioposici\u00f3n no le tumbe los grandes planes para la ciudad -un metro&#8230;-\u00a0 Y la oposici\u00f3n misma, un c\u00f3ctel rancio de intereses personales y equilibrios de partido que baila la conga de las izquierdas revolucionarias llegadas desde las mism\u00edsimas manifestaciones populares, la necesidad de reivindicarse de l\u00edderes de paja como Casares, y la de revalidar con viejos discursos el acierto de su proyecto de candidatos de marketing como Fuentes Pila. Un poco lo de siempre aderezado con lo de toda la vida.<\/p>\n<p>En fin. Que estar pendiente es lo que tiene. Hoy unas risas, ma\u00f1ana otras y al final de semana, carcajadas incontenibles al aire. Madrid est\u00e1 muy bien. Tiene el congreso y el senado, dos bolsas de vagos incuestionables. Y un ayuntamiento mezcla entre ministerio y caja de truenos. Pero Cantabria, y Santander, son mi show, una fuente inagotable de sano cachondeo a cuenta de incapacidades, chulear\u00edas, excesos verbales y pose, mucha pose de median\u00edas disfrazas de excelencias a las que no llegan ni por asomo. Es lo que hay (y que no falte).<\/p>\n","protected":false},"excerpt":{"rendered":"<p>Sigo con inter\u00e9s todo lo que pasa en Cantabria. El circo de tres pistas de la pol\u00edtica nacional me aburre, as\u00ed que qu\u00e9 mejor que pasar al espect\u00e1culo de provincias, mucho m\u00e1s pobre pero con esa gracia mediocre que entretiene durante m\u00e1s tiempo. Adem\u00e1s, conozco mejor a la troup\u00e9, y me cuesta menos identificar sus [&#8230;]<\/p>\n","protected":false},"author":2,"featured_media":0,"comment_status":"open","ping_status":"closed","sticky":false,"template":"","format":"standard","meta":{"footnotes":""},"categories":[3],"tags":[],"class_list":["post-908","post","type-post","status-publish","format-standard","hentry","category-general"],"_links":{"self":[{"href":"https:\/\/www.opinioneslibres.es\/apesardetodo\/index.php?rest_route=\/wp\/v2\/posts\/908","targetHints":{"allow":["GET"]}}],"collection":[{"href":"https:\/\/www.opinioneslibres.es\/apesardetodo\/index.php?rest_route=\/wp\/v2\/posts"}],"about":[{"href":"https:\/\/www.opinioneslibres.es\/apesardetodo\/index.php?rest_route=\/wp\/v2\/types\/post"}],"author":[{"embeddable":true,"href":"https:\/\/www.opinioneslibres.es\/apesardetodo\/index.php?rest_route=\/wp\/v2\/users\/2"}],"replies":[{"embeddable":true,"href":"https:\/\/www.opinioneslibres.es\/apesardetodo\/index.php?rest_route=%2Fwp%2Fv2%2Fcomments&post=908"}],"version-history":[{"count":2,"href":"https:\/\/www.opinioneslibres.es\/apesardetodo\/index.php?rest_route=\/wp\/v2\/posts\/908\/revisions"}],"predecessor-version":[{"id":910,"href":"https:\/\/www.opinioneslibres.es\/apesardetodo\/index.php?rest_route=\/wp\/v2\/posts\/908\/revisions\/910"}],"wp:attachment":[{"href":"https:\/\/www.opinioneslibres.es\/apesardetodo\/index.php?rest_route=%2Fwp%2Fv2%2Fmedia&parent=908"}],"wp:term":[{"taxonomy":"category","embeddable":true,"href":"https:\/\/www.opinioneslibres.es\/apesardetodo\/index.php?rest_route=%2Fwp%2Fv2%2Fcategories&post=908"},{"taxonomy":"post_tag","embeddable":true,"href":"https:\/\/www.opinioneslibres.es\/apesardetodo\/index.php?rest_route=%2Fwp%2Fv2%2Ftags&post=908"}],"curies":[{"name":"wp","href":"https:\/\/api.w.org\/{rel}","templated":true}]}}