{"id":911,"date":"2016-08-27T16:20:57","date_gmt":"2016-08-27T16:20:57","guid":{"rendered":"https:\/\/www.opinioneslibres.es\/apesardetodo\/?p=911"},"modified":"2016-08-27T16:26:00","modified_gmt":"2016-08-27T16:26:00","slug":"navidad-dulce-navidad","status":"publish","type":"post","link":"https:\/\/www.opinioneslibres.es\/apesardetodo\/?p=911","title":{"rendered":"Navidad, dulce Navidad&#8230;"},"content":{"rendered":"<p>No tengo intenci\u00f3n de votar el 25 de diciembre si finalmente hay terceras elecciones. Ni por correo ni, por supuesto, en persona. Ni de aceptar ser parte de la mesa electoral si por desgracia me toca. A ver qui\u00e9n es el guapo que se pone a perseguir a todos los que se nieguen. Incluso por poco que les apetezca la comida con su suegra o su cu\u00f1ado. La Navidad es sagrada, y los mierdas estos que tenemos de pol\u00edticos no se merecen ni dos segundos de duda sobre qu\u00e9 hacer si nos convocan a las urnas de nuevo. Quedarse en casa es la \u00fanica opci\u00f3n posible despu\u00e9s de un a\u00f1o tom\u00e1ndonos el pelo con sus estrategias partidistas. La democracia est\u00e1 m\u00e1s a salvo con nuestra activa abstenci\u00f3n que con los tejemanejes tramposos de esta insoportable gente.<\/p>\n<p>Desde noviembre del a\u00f1o pasado nos est\u00e1n tomando el pelo con las dos manos. Estoy hasta las narices de sus discursos, sus amenazas, sus negativas, su victimismo. De esa incre\u00edble capacidad que tienen para la pose pas\u00e1ndose por salva sea la parte lo que podamos pensar los ciudadanos, pero permiti\u00e9ndose al mismo tiempo el lujo de interpretarnos. Los pol\u00edticos que nos han tocado en desgracia son una pandilla de insolventes intelectuales con toda la machacona soberbia de los que se creen \u00fanicos para salvarnos de nosotros mismos. Hace tiempo que dejaron de estar a la altura de la sociedad a la que deben servir. Su comportamiento desde noviembre de 2015 lo deja bien a las claras, y nos exime de otorgarles cualquier aval.<\/p>\n<p>Nunca como ahora hace falta un cambio. De sistema electoral que haga justicia en el reparto de esca\u00f1os, de mecanismos postelectorales para elegir presidente con garant\u00edas y premura, pero sobre todo, por encima de todo, de l\u00edderes de los partidos y de actitudes. Es imprescindible una revoluci\u00f3n legislativa y de pensamiento que no nos vuelva a dejar 9 meses en funciones y con unos tipos a los hemos elegido para arreglar nuestros problemas creando otros que los agravan. Ya est\u00e1 bien de calculada desidia y de manejos partidistas. Ya est\u00e1 bien de tenernos como rehenes de sus planes de subsistencia. O espabilamos para que esta caterva de indecentes deje de utilizarnos para consolidarse a nuestras espaldas y a la de esta democracia a la que soban imp\u00fadicamente, o cuando queramos darnos cuenta  se habran cargado hasta el pensamiento.&nbsp;<\/p>\n","protected":false},"excerpt":{"rendered":"<p>No tengo intenci\u00f3n de votar el 25 de diciembre si finalmente hay terceras elecciones. Ni por correo ni, por supuesto, en persona. Ni de aceptar ser parte de la mesa electoral si por desgracia me toca. A ver qui\u00e9n es el guapo que se pone a perseguir a todos los que se nieguen. Incluso por [&#8230;]<\/p>\n","protected":false},"author":2,"featured_media":0,"comment_status":"open","ping_status":"closed","sticky":false,"template":"","format":"standard","meta":{"footnotes":""},"categories":[1],"tags":[],"class_list":["post-911","post","type-post","status-publish","format-standard","hentry","category-uncategorized"],"_links":{"self":[{"href":"https:\/\/www.opinioneslibres.es\/apesardetodo\/index.php?rest_route=\/wp\/v2\/posts\/911","targetHints":{"allow":["GET"]}}],"collection":[{"href":"https:\/\/www.opinioneslibres.es\/apesardetodo\/index.php?rest_route=\/wp\/v2\/posts"}],"about":[{"href":"https:\/\/www.opinioneslibres.es\/apesardetodo\/index.php?rest_route=\/wp\/v2\/types\/post"}],"author":[{"embeddable":true,"href":"https:\/\/www.opinioneslibres.es\/apesardetodo\/index.php?rest_route=\/wp\/v2\/users\/2"}],"replies":[{"embeddable":true,"href":"https:\/\/www.opinioneslibres.es\/apesardetodo\/index.php?rest_route=%2Fwp%2Fv2%2Fcomments&post=911"}],"version-history":[{"count":2,"href":"https:\/\/www.opinioneslibres.es\/apesardetodo\/index.php?rest_route=\/wp\/v2\/posts\/911\/revisions"}],"predecessor-version":[{"id":913,"href":"https:\/\/www.opinioneslibres.es\/apesardetodo\/index.php?rest_route=\/wp\/v2\/posts\/911\/revisions\/913"}],"wp:attachment":[{"href":"https:\/\/www.opinioneslibres.es\/apesardetodo\/index.php?rest_route=%2Fwp%2Fv2%2Fmedia&parent=911"}],"wp:term":[{"taxonomy":"category","embeddable":true,"href":"https:\/\/www.opinioneslibres.es\/apesardetodo\/index.php?rest_route=%2Fwp%2Fv2%2Fcategories&post=911"},{"taxonomy":"post_tag","embeddable":true,"href":"https:\/\/www.opinioneslibres.es\/apesardetodo\/index.php?rest_route=%2Fwp%2Fv2%2Ftags&post=911"}],"curies":[{"name":"wp","href":"https:\/\/api.w.org\/{rel}","templated":true}]}}