{"id":914,"date":"2016-11-05T21:57:46","date_gmt":"2016-11-05T21:57:46","guid":{"rendered":"https:\/\/www.opinioneslibres.es\/apesardetodo\/?p=914"},"modified":"2016-11-05T22:00:15","modified_gmt":"2016-11-05T22:00:15","slug":"ministro","status":"publish","type":"post","link":"https:\/\/www.opinioneslibres.es\/apesardetodo\/?p=914","title":{"rendered":"\u00a1Ministro!"},"content":{"rendered":"<p>Y al final fue. Ah\u00ed est\u00e1. Ministro. Ni m\u00e1s ni menos. Para que luego digan que a los anhelos no se llega nunca. 9 a\u00f1os siendo alcalde para alcanzar la cumbre. El gobierno de Espa\u00f1a. Alfombras de pelo alto. Madrid. La capital del Reino.&nbsp;<\/p>\n<p>De la Serna siempre pic\u00f3 alto, y cualquiera lo notaba. Lo llevaba escrito en el andar. Y en el hablar. Y en el mandar. En el comportarse, vamos. Con chuler\u00eda, con repipismo, con sobranza. Con las habilidades sociales muy justas, escaso de empat\u00eda, nada asertivo, pero con el trabajo sacado adelante gracias al trabajo de otros. Nada que no haga quien se cree mejor que el resto. Ten\u00eda un plan, y lo ha cumplido. Desde que malvendi\u00f3 el agua cuando le hicieron concejal. Desde que fue ungido propietario cuando el anterior propietario lo dej\u00f3. Desde siempre.<\/p>\n<p>Y la ciudad hac\u00eda tiempo que se le hab\u00eda hecho peque\u00f1a. Es lo que tienen los engre\u00eddos, que enseguida que ocupan un puesto creen cumplida su misi\u00f3n en \u00e9l y quieren pasar al siguiente. \u00cd\u00f1igo tiene mucho de soberbio. Y de inmodesto, de pretencioso y de petulante. Supongo adem\u00e1s que el \u00faltimo a\u00f1o, gobernando a veces al dictado de otros, le habr\u00e1 sido un suplicio. Por mucho que los otros sean una franquicia de los suyos. Ceder mando en el cortijo siempre frustra, y avinagra el rostro.<\/p>\n<p>Pero f\u00edjate que a pesar de todo no creo que vaya a ser mal ministro. Total, pintan poco. Dan la cara, pero no toman decisiones peque\u00f1as, que son con las que uno se hace querer. Salen en la tele, pero de pasada. No se mezclan con el vulgo, no reparten besos, no abrazan. Y tampoco presentan infograf\u00edas vendiendo humo. Ser ministro da prestancia, pero no necesariamente prestigio ni protagonismo. Al fin y al cabo, De la Serna no es Montoro ni Cospedal.&nbsp;<\/p>\n<p>(Suerte, ministro, que teniendo t\u00fa ya lo tuyo eso es lo que necesitamos nosotros)<\/p>\n","protected":false},"excerpt":{"rendered":"<p>Y al final fue. Ah\u00ed est\u00e1. Ministro. Ni m\u00e1s ni menos. Para que luego digan que a los anhelos no se llega nunca. 9 a\u00f1os siendo alcalde para alcanzar la cumbre. El gobierno de Espa\u00f1a. Alfombras de pelo alto. Madrid. La capital del Reino.&nbsp; De la Serna siempre pic\u00f3 alto, y cualquiera lo notaba. Lo [&#8230;]<\/p>\n","protected":false},"author":2,"featured_media":0,"comment_status":"open","ping_status":"closed","sticky":false,"template":"","format":"standard","meta":{"footnotes":""},"categories":[1],"tags":[],"class_list":["post-914","post","type-post","status-publish","format-standard","hentry","category-uncategorized"],"_links":{"self":[{"href":"https:\/\/www.opinioneslibres.es\/apesardetodo\/index.php?rest_route=\/wp\/v2\/posts\/914","targetHints":{"allow":["GET"]}}],"collection":[{"href":"https:\/\/www.opinioneslibres.es\/apesardetodo\/index.php?rest_route=\/wp\/v2\/posts"}],"about":[{"href":"https:\/\/www.opinioneslibres.es\/apesardetodo\/index.php?rest_route=\/wp\/v2\/types\/post"}],"author":[{"embeddable":true,"href":"https:\/\/www.opinioneslibres.es\/apesardetodo\/index.php?rest_route=\/wp\/v2\/users\/2"}],"replies":[{"embeddable":true,"href":"https:\/\/www.opinioneslibres.es\/apesardetodo\/index.php?rest_route=%2Fwp%2Fv2%2Fcomments&post=914"}],"version-history":[{"count":1,"href":"https:\/\/www.opinioneslibres.es\/apesardetodo\/index.php?rest_route=\/wp\/v2\/posts\/914\/revisions"}],"predecessor-version":[{"id":915,"href":"https:\/\/www.opinioneslibres.es\/apesardetodo\/index.php?rest_route=\/wp\/v2\/posts\/914\/revisions\/915"}],"wp:attachment":[{"href":"https:\/\/www.opinioneslibres.es\/apesardetodo\/index.php?rest_route=%2Fwp%2Fv2%2Fmedia&parent=914"}],"wp:term":[{"taxonomy":"category","embeddable":true,"href":"https:\/\/www.opinioneslibres.es\/apesardetodo\/index.php?rest_route=%2Fwp%2Fv2%2Fcategories&post=914"},{"taxonomy":"post_tag","embeddable":true,"href":"https:\/\/www.opinioneslibres.es\/apesardetodo\/index.php?rest_route=%2Fwp%2Fv2%2Ftags&post=914"}],"curies":[{"name":"wp","href":"https:\/\/api.w.org\/{rel}","templated":true}]}}