{"id":916,"date":"2016-12-12T17:37:33","date_gmt":"2016-12-12T17:37:33","guid":{"rendered":"https:\/\/www.opinioneslibres.es\/apesardetodo\/?p=916"},"modified":"2016-12-12T17:38:42","modified_gmt":"2016-12-12T17:38:42","slug":"916","status":"publish","type":"post","link":"https:\/\/www.opinioneslibres.es\/apesardetodo\/?p=916","title":{"rendered":"Diferencias (y diferentes)"},"content":{"rendered":"<p>El otro d\u00eda me envi\u00f3 Jos\u00e9 Manuel un v\u00eddeo de la iluminaci\u00f3n navide\u00f1a en el ayuntamiento de Santander. Todo color, con m\u00fasica, alegre, divertida, muy en la onda moderna de lo que se lleva ahora. Confieso que mi primer pensamiento fue para De la Serna, &#8216;el alcalde que siempre quiso ser ministro y por fin lo es&#8217;. Ha sido irse y notarse un algo como de que ya no est\u00e1 y manda otra. Aunque fuera \u00e9l quien diera el visto bueno a la decoraci\u00f3n, la sensaci\u00f3n que produce es como de liberaci\u00f3n, como ese &#8216;por fin&#8217; que sueltan los que no aguantan a su suegra en cuanto sale el domingo por la puerta de casa despu\u00e9s de comer.&nbsp;<\/p>\n<p>Que la nueva alcaldesa de Santander no es el anterior alcalde es una obviedad. No se parecen en nada. Ni en lo humano ni en lo pol\u00edtico, ni en su car\u00e1cter ni en sus capacidades, ni en sus aspiraciones ni en sus pretensiones. Igual y De la Serna son divergentes, muy diversos. Yo conozco a los dos, y me quedo con la alcaldesa.<\/p>\n<p>Ya tengo escrito lo que opino del ministro, eso de que es un engre\u00eddo soberbio y sin m\u00e1s aptitudes sociales que la de sonre\u00edr mucho mirando por encima del hombro. Gema Igual me parece otra cosa. Cercana, sencilla, amable, dispuesta, trabajadora. Del PP, conservadora, en la otra orilla ideol\u00f3gica a la m\u00eda, pero con un sentido pr\u00e1ctico de la pol\u00edtica y una idea social y humana de su trabajo que la acerca tanto a la gente como aleja al ministro de la empat\u00eda y las habilidades sociales. Otra cosa es la orientaci\u00f3n del programa que debe cumplir, con el que difiero. Pero al menos, mientras lo cumple, pondr\u00e1 otra cara y tendr\u00e1 otro talante.&nbsp;<\/p>\n<p>No f\u00edo el cr\u00e9dito de mi opini\u00f3n, si es que tengo alguno, a todo esto que me parece Igual. Ya no lo hago por casi nadie. Pero la marcha del soberbio de De la Serna tiene que ser una oportunidad para, al menos, dar por el saco de otra manera, m\u00e1s amable, menos pija, m\u00e1s pensando en los vecinos, menos tratando de medrar. Ah\u00ed est\u00e1 la ventaja de la alcaldesa y la oportunidad de los santanderinos. Y el resto llegar\u00e1 por a\u00f1adidura&#8230;<\/p>\n","protected":false},"excerpt":{"rendered":"<p>El otro d\u00eda me envi\u00f3 Jos\u00e9 Manuel un v\u00eddeo de la iluminaci\u00f3n navide\u00f1a en el ayuntamiento de Santander. Todo color, con m\u00fasica, alegre, divertida, muy en la onda moderna de lo que se lleva ahora. Confieso que mi primer pensamiento fue para De la Serna, &#8216;el alcalde que siempre quiso ser ministro y por fin [&#8230;]<\/p>\n","protected":false},"author":2,"featured_media":0,"comment_status":"open","ping_status":"closed","sticky":false,"template":"","format":"standard","meta":{"footnotes":""},"categories":[1],"tags":[],"class_list":["post-916","post","type-post","status-publish","format-standard","hentry","category-uncategorized"],"_links":{"self":[{"href":"https:\/\/www.opinioneslibres.es\/apesardetodo\/index.php?rest_route=\/wp\/v2\/posts\/916","targetHints":{"allow":["GET"]}}],"collection":[{"href":"https:\/\/www.opinioneslibres.es\/apesardetodo\/index.php?rest_route=\/wp\/v2\/posts"}],"about":[{"href":"https:\/\/www.opinioneslibres.es\/apesardetodo\/index.php?rest_route=\/wp\/v2\/types\/post"}],"author":[{"embeddable":true,"href":"https:\/\/www.opinioneslibres.es\/apesardetodo\/index.php?rest_route=\/wp\/v2\/users\/2"}],"replies":[{"embeddable":true,"href":"https:\/\/www.opinioneslibres.es\/apesardetodo\/index.php?rest_route=%2Fwp%2Fv2%2Fcomments&post=916"}],"version-history":[{"count":2,"href":"https:\/\/www.opinioneslibres.es\/apesardetodo\/index.php?rest_route=\/wp\/v2\/posts\/916\/revisions"}],"predecessor-version":[{"id":918,"href":"https:\/\/www.opinioneslibres.es\/apesardetodo\/index.php?rest_route=\/wp\/v2\/posts\/916\/revisions\/918"}],"wp:attachment":[{"href":"https:\/\/www.opinioneslibres.es\/apesardetodo\/index.php?rest_route=%2Fwp%2Fv2%2Fmedia&parent=916"}],"wp:term":[{"taxonomy":"category","embeddable":true,"href":"https:\/\/www.opinioneslibres.es\/apesardetodo\/index.php?rest_route=%2Fwp%2Fv2%2Fcategories&post=916"},{"taxonomy":"post_tag","embeddable":true,"href":"https:\/\/www.opinioneslibres.es\/apesardetodo\/index.php?rest_route=%2Fwp%2Fv2%2Ftags&post=916"}],"curies":[{"name":"wp","href":"https:\/\/api.w.org\/{rel}","templated":true}]}}