{"id":938,"date":"2018-02-03T15:53:30","date_gmt":"2018-02-03T15:53:30","guid":{"rendered":"https:\/\/www.opinioneslibres.es\/apesardetodo\/?p=938"},"modified":"2018-02-03T17:01:54","modified_gmt":"2018-02-03T17:01:54","slug":"que-no-que-me-dejes","status":"publish","type":"post","link":"https:\/\/www.opinioneslibres.es\/apesardetodo\/?p=938","title":{"rendered":"Que no, que me dejes&#8230;"},"content":{"rendered":"<p>Desde luego, hay gente en Cantabria que nunca quiere nada bueno. Ahora, a un grupo de <em>peperos\u00a0<\/em>(lo digo con cari\u00f1o, de verdad) no se les ha ocurrido otra que que De la Serna, el <em>ministr\u00edn<\/em> (tambi\u00e9n con mucho cari\u00f1o), deje de serlo para encabezar la lista del PP al Parlamento, y tal vez, s\u00f3lo tal vez, ser vicepresidente del Gobierno con Revilla (otra vez&#8230;) de Presidente. Bueno, este enjuague de puestos es m\u00edo, que de esto los proponentes no dicen nada. Y se han quedado tan frescos. A fuer de ser sinceros, la idea ha sido del presidente Diego, que lo suyo llevar\u00e1 por dentro para lanzarla. Le han seguido un grupo de afiliados que opinan que el exalcalde ser\u00eda la mejor cara para el cartel. Hombre, con los datos de cu\u00e1nto puso y cu\u00e1nto quit\u00f3 don I\u00f1igo en votos en las ultimas elecciones regionales, tampoco parece una propuesta ganadora, pero desde luego, echando la vista atr\u00e1s, a su pasado recolector de simpat\u00edas electorales (en Santander a la gente se le ca\u00eda la baba con \u00e9l, ese chico bien con estudios, y con ese pelo. En Madrid, despu\u00e9s de su nombramiento como ministro, el furor se pas\u00f3 en un par de semanas, en cuanto Albert Rivera empez\u00f3 a salir m\u00e1s en la tele y se puso trajes de su talla), comparando con otros que bien podr\u00edan ocupar las vallas, De la Serna es un partidazo.<\/p>\n<p>Pero \u00e9l no quiere. C\u00f3mo iba a querer, \u00e9l, que lleva toda la vida <em>estudiando<\/em> para ser ministro. Cantabria se le qued\u00f3 peque\u00f1a hace tiempo, como en cualquier momento se le quedar\u00e1 peque\u00f1a Espa\u00f1a y aspirar\u00e1 a algo en el orden mundial. No. De la Serna ha dicho que \u00e9l est\u00e1 al servicio del presidente del Gobierno, y que sent\u00e1ndose en el Consejo de Ministros es como mejor puede ayudar en ese gran proyecto para el pa\u00eds y para todos nosotros que pilota Mariano Rajoy (tampoco lo ha dicho exactamente as\u00ed, pero es por donde han ido los tiros). Y a Diego le exige lealtad al partido, como si su decir en voz alta lo que piensa que es mejor para el PP de Cantabria hubiera sido una traici\u00f3n. Los que siempre van de ganadores son muy de usar estos recursos grandilocuentes a la lealtad, la fidelidad y la adhesi\u00f3n (si es ciega, mejor que mejor, que luego todo se sabe), lo cual es en s\u00ed mismo, en este caso, un contrasentido. No hay m\u00e1s leal a su partido, m\u00e1s fiel con su vocaci\u00f3n de servicio y m\u00e1s firme en su compromiso con sus compa\u00f1eros que quien se pone a su disposici\u00f3n para lo que haga falta. Se vive mejor de ministro, desde luego (se viaja mucho, te invitan a Palacio, vas con el Rey a los sitios, puedes echar la culpa a los conductores si se quedan atrapados por la nieve&#8230;), pero que a alguien le propongan jug\u00e1rsela a ser presidente de su tierra debiera ser motivo de orgullo (a la vista est\u00e1 que soy un rom\u00e1ntico&#8230;). Y aqu\u00ed tampoco\u00a0vale tampoco el argumento de que se propone a De la Serna para hacer un feo y de menos a la actual lideresa del PP de Cantabria. O s\u00ed, pero entre ellos all\u00ed en los pasillos de la sede de Joaqu\u00edn Costa. Los humildes votantes esas fobias s\u00f3lo las conocen si se airean, que es justamente lo que el ministro ha hecho con su excusa a la proposici\u00f3n<\/p>\n<p>Y nada, que as\u00ed ha quedado la cosa. Diego como un desleal, los \u00abPopulares con I\u00f1igo\u00bb como una pandilla de desocupados sin otro quehacer que <em>joder la marrana,\u00a0<\/em>De la Serna como el esforzado gran ministro que es dedicado a salvar a Espa\u00f1a (y a las autopistas) de la zozobra y la perdici\u00f3n, y Cantabria abocada a esa mediocridad provinciana en la que un ministro del Reino considera degradante (en la acepci\u00f3n de rebajarse de nivel) promoverse a presidente regional. Yo no hab\u00eda pensado en votarle (estoy empadronado en Madrid, donde desde que lo dej\u00f3 Esperanza Aguirre tambi\u00e9n es dif\u00edcil escoger), pero anda que no dar\u00eda cach\u00e9 (y morbo) a los debates en las teles locales (\u00bfquedan?) un enfrentamiento entre Revilla, con sus chismes de tertulia de taberna, Zuloaga, con sus explicaciones para las purgas, y De la Serna, con sus infograf\u00edas (y su pelazo). Aunque mira t\u00fa que si al final Rajoy mete mano y le empaqueta para Cantabria como ya hizo con Alonso en el Pa\u00eds Vasco. Las risas iban a ser \u00e9picas&#8230;<\/p>\n<p>(PD. A ver si mientras es ministro, De la Serna se ocupa de que mejoren las cercan\u00edas en Madrid, que son un desastre. Lo del tren de alta velocidad a Cantabria tambi\u00e9n, pero es otro cantar&#8230;)<\/p>\n","protected":false},"excerpt":{"rendered":"<p>Desde luego, hay gente en Cantabria que nunca quiere nada bueno. Ahora, a un grupo de peperos\u00a0(lo digo con cari\u00f1o, de verdad) no se les ha ocurrido otra que que De la Serna, el ministr\u00edn (tambi\u00e9n con mucho cari\u00f1o), deje de serlo para encabezar la lista del PP al Parlamento, y tal vez, s\u00f3lo tal [&#8230;]<\/p>\n","protected":false},"author":2,"featured_media":0,"comment_status":"open","ping_status":"closed","sticky":false,"template":"","format":"standard","meta":{"footnotes":""},"categories":[3],"tags":[],"class_list":["post-938","post","type-post","status-publish","format-standard","hentry","category-general"],"_links":{"self":[{"href":"https:\/\/www.opinioneslibres.es\/apesardetodo\/index.php?rest_route=\/wp\/v2\/posts\/938","targetHints":{"allow":["GET"]}}],"collection":[{"href":"https:\/\/www.opinioneslibres.es\/apesardetodo\/index.php?rest_route=\/wp\/v2\/posts"}],"about":[{"href":"https:\/\/www.opinioneslibres.es\/apesardetodo\/index.php?rest_route=\/wp\/v2\/types\/post"}],"author":[{"embeddable":true,"href":"https:\/\/www.opinioneslibres.es\/apesardetodo\/index.php?rest_route=\/wp\/v2\/users\/2"}],"replies":[{"embeddable":true,"href":"https:\/\/www.opinioneslibres.es\/apesardetodo\/index.php?rest_route=%2Fwp%2Fv2%2Fcomments&post=938"}],"version-history":[{"count":10,"href":"https:\/\/www.opinioneslibres.es\/apesardetodo\/index.php?rest_route=\/wp\/v2\/posts\/938\/revisions"}],"predecessor-version":[{"id":948,"href":"https:\/\/www.opinioneslibres.es\/apesardetodo\/index.php?rest_route=\/wp\/v2\/posts\/938\/revisions\/948"}],"wp:attachment":[{"href":"https:\/\/www.opinioneslibres.es\/apesardetodo\/index.php?rest_route=%2Fwp%2Fv2%2Fmedia&parent=938"}],"wp:term":[{"taxonomy":"category","embeddable":true,"href":"https:\/\/www.opinioneslibres.es\/apesardetodo\/index.php?rest_route=%2Fwp%2Fv2%2Fcategories&post=938"},{"taxonomy":"post_tag","embeddable":true,"href":"https:\/\/www.opinioneslibres.es\/apesardetodo\/index.php?rest_route=%2Fwp%2Fv2%2Ftags&post=938"}],"curies":[{"name":"wp","href":"https:\/\/api.w.org\/{rel}","templated":true}]}}