{"id":953,"date":"2018-06-12T14:58:17","date_gmt":"2018-06-12T14:58:17","guid":{"rendered":"https:\/\/www.opinioneslibres.es\/apesardetodo\/?p=953"},"modified":"2018-06-12T21:20:07","modified_gmt":"2018-06-12T21:20:07","slug":"delegado-zuloaga","status":"publish","type":"post","link":"https:\/\/www.opinioneslibres.es\/apesardetodo\/?p=953","title":{"rendered":"Delegado Zuloaga"},"content":{"rendered":"<p>(Art\u00edculo publicado en\u00a0<em>El Diario Cantabria\u00a0<\/em>el 12 de junio de 2018)<\/p>\n<p>Dicen los que dicen que saben que en pol\u00edtica (en la vida en general) no hay nada peor que las prisas, el ego, y creerse que todo vale para ganar y para mantenerse. O puede que no, porque sigue habiendo a los que las malas experiencias de otros por dirigirse as\u00ed les importan un bledo, y son justamente esos bagajes con los que se lanzan a lo que se lanzan. Esto hace Pablo Zuloaga, el moderno secretario general del PSOE de Cantabria, candidato a presidente regional, y pr\u00f3ximo delegado del gobierno, cuando le justifican el nuevo puesto con la intenci\u00f3n de mejorar sus perspectiva electorales.<\/p>\n<p>Con este nombramiento con ese objetivo el PSOE convierte la Delegaci\u00f3n del Gobierno en una empresa de marketing electoral, que van a utilizar a la carta para que se conozca a un candidato regional al que no conocen en Cantabria. Los socialistas travisten la finalidad de la instituci\u00f3n y la prostituyen para hacer de ella un uso partidista inapropiado, inoportuno e intolerable. Se van a gastar el dinero p\u00fablico de todos, el que nos quitan de n\u00f3minas y pensiones, y los recursos p\u00fablicos de una instituci\u00f3n, para hacer campa\u00f1a en favor de sus siglas y de su cabeza de cartel. Y eso no es aceptable.<\/p>\n<p>Tambi\u00e9n pierde el PSOE a su portavoz m\u00e1s importante, porque no parece el atril de la delegaci\u00f3n el sitio desde el que pueda hacerse pol\u00edtica cr\u00edtica. Zuloaga, como delegado, se inhabilita para la labor m\u00e1s obvia que tiene el l\u00edder de una formaci\u00f3n pol\u00edtica, que pasa por exponer un proyecto, compartir unos principios ideol\u00f3gicos, buscar la connivencia de los ciudadanos, defenderse de los ataques del contrincante y constituirse como alternativa. Pero siempre con un discurso propio, libre de obligaciones externas y desde las tribunas que brindan los partidos desde dentro. Dif\u00edcilmente se puede ser el representante de un gobierno de todos y para todos si se utiliza el cargo como pasarela y altavoz \u00fanicamente para consolidar una candidatura electoral.<\/p>\n<p>Zuloaga deja adem\u00e1s tirados a los que le hicieron alcalde. Les falla en el compromiso adquirido de poner todo el tiempo todo su esfuerzo y todas sus capacidades, las que quiera que tenga, en favor de su municipio y de sus vecinos. Nada podr\u00e1 decir a quienes le acusen de haber usado la alcald\u00eda como mero trampol\u00edn para otros intereses. O que vaya a usar su puesto de delegado para hacer exactamente lo mismo, que no ser\u00eda otra cosa que medrar a costa de<br \/>\notros, y gratis porque se lo<br \/>\npaga con fondos p\u00fablicos. Los ciudadanos merecen siempre sinceridad y altura de miras, pero no para beneficio propio de quien les gobierna sino para su mejora como colectivo. Zuloaga y su partido han escogido el camino contrario, el del aprovechamiento de lo de todos para alcanzar sus propias metas.<\/p>\n<p>El secretario general del PSOE de Cantabria ha tomado la senda m\u00e1s f\u00e1cil para reforzarse como candidato. Y la menos \u00e9tica, porque retuerce el fin colectivo en su \u00fanico beneficio. La delegaci\u00f3n del gobierno debe ser un referente de representaci\u00f3n institucional y no un instrumento electoral ni una extensi\u00f3n de un comit\u00e9 de campa\u00f1a. Y el secretario general de un partido que es adem\u00e1s su candidato a presidente debe serlo a tiempo completo. Zuloaga, que deber\u00e1 dejar la delegaci\u00f3n en febrero para poder presentar a presidente de Cantabria, har\u00e1 trampas si usa su posici\u00f3n de delegado para hacer campa\u00f1a, faltar\u00e1 a su compromiso como m\u00e1ximo dirigente de su partido al tener que dejar de ser su primera voz, y defraudar\u00e1 a los vecinos del municipio del que es alcalde. Si quiere que se sepa qui\u00e9n es y qu\u00e9 ofrece deber\u00eda recorrerse Cantabria de palmo a palmo, como hacen los valientes, y no usar los cargos para ello, como hacen los mediocres. Pero yo soy esc\u00e9ptico&#8230;<\/p>\n","protected":false},"excerpt":{"rendered":"<p>(Art\u00edculo publicado en\u00a0El Diario Cantabria\u00a0el 12 de junio de 2018) Dicen los que dicen que saben que en pol\u00edtica (en la vida en general) no hay nada peor que las prisas, el ego, y creerse que todo vale para ganar y para mantenerse. O puede que no, porque sigue habiendo a los que las malas [&#8230;]<\/p>\n","protected":false},"author":2,"featured_media":0,"comment_status":"open","ping_status":"closed","sticky":false,"template":"","format":"standard","meta":{"footnotes":""},"categories":[3],"tags":[],"class_list":["post-953","post","type-post","status-publish","format-standard","hentry","category-general"],"_links":{"self":[{"href":"https:\/\/www.opinioneslibres.es\/apesardetodo\/index.php?rest_route=\/wp\/v2\/posts\/953","targetHints":{"allow":["GET"]}}],"collection":[{"href":"https:\/\/www.opinioneslibres.es\/apesardetodo\/index.php?rest_route=\/wp\/v2\/posts"}],"about":[{"href":"https:\/\/www.opinioneslibres.es\/apesardetodo\/index.php?rest_route=\/wp\/v2\/types\/post"}],"author":[{"embeddable":true,"href":"https:\/\/www.opinioneslibres.es\/apesardetodo\/index.php?rest_route=\/wp\/v2\/users\/2"}],"replies":[{"embeddable":true,"href":"https:\/\/www.opinioneslibres.es\/apesardetodo\/index.php?rest_route=%2Fwp%2Fv2%2Fcomments&post=953"}],"version-history":[{"count":3,"href":"https:\/\/www.opinioneslibres.es\/apesardetodo\/index.php?rest_route=\/wp\/v2\/posts\/953\/revisions"}],"predecessor-version":[{"id":956,"href":"https:\/\/www.opinioneslibres.es\/apesardetodo\/index.php?rest_route=\/wp\/v2\/posts\/953\/revisions\/956"}],"wp:attachment":[{"href":"https:\/\/www.opinioneslibres.es\/apesardetodo\/index.php?rest_route=%2Fwp%2Fv2%2Fmedia&parent=953"}],"wp:term":[{"taxonomy":"category","embeddable":true,"href":"https:\/\/www.opinioneslibres.es\/apesardetodo\/index.php?rest_route=%2Fwp%2Fv2%2Fcategories&post=953"},{"taxonomy":"post_tag","embeddable":true,"href":"https:\/\/www.opinioneslibres.es\/apesardetodo\/index.php?rest_route=%2Fwp%2Fv2%2Ftags&post=953"}],"curies":[{"name":"wp","href":"https:\/\/api.w.org\/{rel}","templated":true}]}}