{"id":962,"date":"2018-10-28T17:23:06","date_gmt":"2018-10-28T17:23:06","guid":{"rendered":"https:\/\/www.opinioneslibres.es\/apesardetodo\/?p=962"},"modified":"2018-10-28T17:23:06","modified_gmt":"2018-10-28T17:23:06","slug":"se-fue-el-caiman","status":"publish","type":"post","link":"https:\/\/www.opinioneslibres.es\/apesardetodo\/?p=962","title":{"rendered":"Se fue el caim\u00e1n&#8230;"},"content":{"rendered":"<p>Hay elecciones a la vista. No hace falta saber cu\u00e1ndo, pero ser\u00e1 pronto, porque las calles est\u00e1n levantadas y los politicuchos que nos han ca\u00eddo en desgracia prometen el oro y el moro. Los que mandan y los que lo sue\u00f1an, que en esto, como prometer es gratis, no hay distingos. Hombre, los apoltronados m\u00e1s arriba, como manejan nuestro dinero, tienen para cohetes. El resto se han de conformar con el humo. Pero el humo, bien gestionado, da para muchas ofertas. Que se lo pregunten si no al ministro ef\u00edmero, que cuando era alcalde de Santander para bien de infograf\u00edas, fotograf\u00edas y hasta ortofotos que le dio el truco. Su heredera, que se qued\u00f3 la alcald\u00eda sin hacerlo a beneficio de inventario, es muy de cercan\u00eda, y se ha perdido en grandes proyectos, como ese fiasco millonario del MetroTUS. Tambi\u00e9n ha tenido mala suerte. Se le quem\u00f3 el MAS, Guetta no dio su concierto, Fomento paraliza los espigones de La Magdalena y encima tiene que dar de comer a un tr\u00e1nsfuga indolente que le saca las casta\u00f1as del fuego de la minor\u00eda. Pobre. Adem\u00e1s est\u00e1 pendiente de que la confirmen que se queda las llaves. Yo creo que lo tiene crudo. No es de los de Casado, y lo mismo le pasan garlopa y acaba teniendo que pedir a De la Serna que la coloque, ahora que vive en un safari permanente cazando talentos. Aunque como tenga que colocar a todos los que dej\u00f3 en el consistorio, lo tiene dif\u00edcil. Muchos son, talentos pocos.<\/p>\n<p>Algunos que saben, y muchos de los que no pero lo anhelan, dicen que el pr\u00f3ximo alcalde va a ser Pedrito Casares, el chico del master de Transportes. Casares, como su primo-hermano Zuloaga, tienen una flor en el culo. Vendieron a los que les ense\u00f1aron con el mercado al alza, y ahora est\u00e1n en la cresta de la ola aprovech\u00e1ndose del tir\u00f3n nacional. Las camisas blancas, los vaqueros y las americanas informales son trendic topic. Yo no creo que los chicos valgan mucho, pero est\u00e1n en el sitio adecuado en el momento preciso. Vamos, que de ser portavoz, o delegado, un mono, tambi\u00e9n sacar\u00eda lo suyo. Y tan felices. El PSOE de Cantabria est\u00e1 en manos de mediocres que valen lo que valen sus divergentes internos. Y el d\u00eda que estos se rindan y se marchen, adi\u00f3s muy buenas. Casares es aburrido, se parece mucho a Sota cuando era leal. Y Zuloaga es un producto de mercado fabricado con sobras, como una conocida marca de coches subsidiaria de Renault. Si este es el futuro para Santander, para Cantabria y para el PSOE regional, pues qu\u00e9 pena. Los electores son soberanos, desde luego, pero verles en los balcones del poder dar\u00e1 grima y un poco de l\u00e1stima. Ojal\u00e1 los n\u00fameros sean tozudos y la sangre no llegue al r\u00edo\u2026<\/p>\n<p>Y nada, que por lo dem\u00e1s todo bien. Revilla vuelve a los carteles, que es como decir que en el PRC no son nada. Se van todos haciendo viejos, como el l\u00edder, as\u00ed que cuando haya que reponer no se de d\u00f3nde van a sacar recambio. Ciudadanos bulle con El Locha haci\u00e9ndose a fuego lento. Alguna gente con talento anda intent\u00e1ndolo, pero no se yo si habr\u00e1 caldo para tanto cordero. Y Podemos, ay Podemos\u2026 Menudo panorama. Leo siempre que puedo El Diario Monta\u00f1\u00e9s (Jos\u00e9 Manuel me lo trae a Madrid alguna vez de las que viene. Me recuerda a cuando mi abuelo Valent\u00edn le mandaba el Alerta por correo a un cu\u00f1ado que ten\u00eda en Sevilla, mi t\u00edo Mariano, que hab\u00eda sido telegrafista) por si algo cambia, pero nada, no hay suerte. Todo sigue igual: lento, tosco, soso, tedioso, plomizo. Y con lluvia.<\/p>\n","protected":false},"excerpt":{"rendered":"<p>Hay elecciones a la vista. No hace falta saber cu\u00e1ndo, pero ser\u00e1 pronto, porque las calles est\u00e1n levantadas y los politicuchos que nos han ca\u00eddo en desgracia prometen el oro y el moro. Los que mandan y los que lo sue\u00f1an, que en esto, como prometer es gratis, no hay distingos. Hombre, los apoltronados m\u00e1s [&#8230;]<\/p>\n","protected":false},"author":2,"featured_media":0,"comment_status":"open","ping_status":"closed","sticky":false,"template":"","format":"standard","meta":{"footnotes":""},"categories":[3],"tags":[],"class_list":["post-962","post","type-post","status-publish","format-standard","hentry","category-general"],"_links":{"self":[{"href":"https:\/\/www.opinioneslibres.es\/apesardetodo\/index.php?rest_route=\/wp\/v2\/posts\/962","targetHints":{"allow":["GET"]}}],"collection":[{"href":"https:\/\/www.opinioneslibres.es\/apesardetodo\/index.php?rest_route=\/wp\/v2\/posts"}],"about":[{"href":"https:\/\/www.opinioneslibres.es\/apesardetodo\/index.php?rest_route=\/wp\/v2\/types\/post"}],"author":[{"embeddable":true,"href":"https:\/\/www.opinioneslibres.es\/apesardetodo\/index.php?rest_route=\/wp\/v2\/users\/2"}],"replies":[{"embeddable":true,"href":"https:\/\/www.opinioneslibres.es\/apesardetodo\/index.php?rest_route=%2Fwp%2Fv2%2Fcomments&post=962"}],"version-history":[{"count":1,"href":"https:\/\/www.opinioneslibres.es\/apesardetodo\/index.php?rest_route=\/wp\/v2\/posts\/962\/revisions"}],"predecessor-version":[{"id":963,"href":"https:\/\/www.opinioneslibres.es\/apesardetodo\/index.php?rest_route=\/wp\/v2\/posts\/962\/revisions\/963"}],"wp:attachment":[{"href":"https:\/\/www.opinioneslibres.es\/apesardetodo\/index.php?rest_route=%2Fwp%2Fv2%2Fmedia&parent=962"}],"wp:term":[{"taxonomy":"category","embeddable":true,"href":"https:\/\/www.opinioneslibres.es\/apesardetodo\/index.php?rest_route=%2Fwp%2Fv2%2Fcategories&post=962"},{"taxonomy":"post_tag","embeddable":true,"href":"https:\/\/www.opinioneslibres.es\/apesardetodo\/index.php?rest_route=%2Fwp%2Fv2%2Ftags&post=962"}],"curies":[{"name":"wp","href":"https:\/\/api.w.org\/{rel}","templated":true}]}}