{"id":974,"date":"2019-08-07T11:50:19","date_gmt":"2019-08-07T11:50:19","guid":{"rendered":"https:\/\/www.opinioneslibres.es\/apesardetodo\/?p=974"},"modified":"2019-08-07T11:50:19","modified_gmt":"2019-08-07T11:50:19","slug":"aviejunarse-mirando-al-mar","status":"publish","type":"post","link":"https:\/\/www.opinioneslibres.es\/apesardetodo\/?p=974","title":{"rendered":"Aviejunarse, mirando al mar"},"content":{"rendered":"<p>He pasado 4 d\u00edas en Santander por Santiago, y en dos ha estado lloviendo. Santander tiene eso, que llueve, y siempre a destiempo. Mi madre dice que parece mentira que no sepa ya que la ciudad es as\u00ed. Tiene raz\u00f3n. La ciudad es as\u00ed, con su propio ritmo hasta para el clima. Aqu\u00ed en Madrid gusta mucho. Que si qu\u00e9 bonita, que si qu\u00e9 playas, que si qu\u00e9 bien se come. Bueno. Tambi\u00e9n gusta Revilla. No siempre el criterio de los de fuera define la realidad en la que se mueven los de dentro. Ni Santander es tan todo lo que dicen, ni Revilla es tan tanto como suponen. Y al final, en julio, yo me moj\u00e9 dos d\u00edas seguidos.<\/p>\n<p>Santander se aviejuna por momentos. Dec\u00eda uno de los pasajeros que me traje a la vuelta a casa que parece un balneario. Y es cierto. Santander vive unos \u201cba\u00f1os de ola\u201d permanentes, tan cutres como la fiesta municipal. Nada que ver con aquello de principios del siglo XX. Si acaso la mentalidad de los santanderinos, y esa resignaci\u00f3n conservadora que se mueve en las urnas de la derecha del todo a la derecha un poco menos. Ah\u00ed est\u00e1 el resultado electoral de mayo. Supongo que es pronto para que se note el impulso ciudadano. O tarde, que lo mismo la coalici\u00f3n s\u00f3lo ha servido para que se coloquen dos m\u00e1s. Ojal\u00e1 un verano de 2020 y unas fiestas de Santiago m\u00e1s modernos, m\u00e1s imaginativos, m\u00e1s de vanguardias, y sin lluvia.<\/p>\n<p>Hasta las casetas de la \u201cferia de d\u00eda\u201d se han pasado de moda. Los pinchos ya no compiten m\u00e1s que por llevar pan tierno. Lo \u00fanico que ha subido han sido los precios. No s\u00e9 si ser\u00eda por esto, o por la lluvia, pero las zonas de casetas ten\u00edan estas fiestas tantas calvas como falta de pasi\u00f3n. Falla la motivaci\u00f3n porque el invento sigue siendo como cuando empez\u00f3, y la gente se aburre. Divertirse en la calle no tiene misterio si hay incentivo suficiente. La mala copia de las casetas no ha recibido m\u00e1s ox\u00edgeno que el de la subida anual de la tasa por montarlas. Y eso, en un pa\u00eds donde todos nos quejamos de los impuestos sin atender a lo que nos dan a cambio, es un mal asunto. Enfadados, los hosteleros no innovan ni se comprometen. Y acaban haciendo los pinchos con lomo fr\u00edo y pimientos de lata.<\/p>\n<p>Y como las desgracias nunca vienen solas, las ferias han perdido este a\u00f1o la noria. No la han montado. La noria servir\u00eda para explicar el paradigma de la propia ciudad, y su ausencia en estas fiestas es definitorio. Santander lleva d\u00e9cadas girando cansinamente sobre el mismo eje. La gente sube, da unas vueltas, baja, y sigue la vida. No estoy seguro de que el que la noria haya desaparecido del escenario festivo sea buena se\u00f1al. En realidad, no estoy seguro de que sea se\u00f1al de nada, porque en Santander lo mortecino que no tiene explicaci\u00f3n es una norma de inveterado cumplimiento. Faltar\u00eda m\u00e1s. La bah\u00eda lleva ah\u00ed desde siempre, y las playas de El Sardinero, y El Sardinero, y el Paseo de Pereda. Que en realidad no, pero de tanto sobarlo con paseos arriba y abajo, los santanderinos de toda la vida le han dado categor\u00eda de eterno. Y de antiguo.<\/p>\n","protected":false},"excerpt":{"rendered":"<p>He pasado 4 d\u00edas en Santander por Santiago, y en dos ha estado lloviendo. Santander tiene eso, que llueve, y siempre a destiempo. Mi madre dice que parece mentira que no sepa ya que la ciudad es as\u00ed. Tiene raz\u00f3n. La ciudad es as\u00ed, con su propio ritmo hasta para el clima. Aqu\u00ed en Madrid [&#8230;]<\/p>\n","protected":false},"author":3,"featured_media":0,"comment_status":"open","ping_status":"closed","sticky":false,"template":"","format":"standard","meta":{"footnotes":""},"categories":[3],"tags":[],"class_list":["post-974","post","type-post","status-publish","format-standard","hentry","category-general"],"_links":{"self":[{"href":"https:\/\/www.opinioneslibres.es\/apesardetodo\/index.php?rest_route=\/wp\/v2\/posts\/974","targetHints":{"allow":["GET"]}}],"collection":[{"href":"https:\/\/www.opinioneslibres.es\/apesardetodo\/index.php?rest_route=\/wp\/v2\/posts"}],"about":[{"href":"https:\/\/www.opinioneslibres.es\/apesardetodo\/index.php?rest_route=\/wp\/v2\/types\/post"}],"author":[{"embeddable":true,"href":"https:\/\/www.opinioneslibres.es\/apesardetodo\/index.php?rest_route=\/wp\/v2\/users\/3"}],"replies":[{"embeddable":true,"href":"https:\/\/www.opinioneslibres.es\/apesardetodo\/index.php?rest_route=%2Fwp%2Fv2%2Fcomments&post=974"}],"version-history":[{"count":1,"href":"https:\/\/www.opinioneslibres.es\/apesardetodo\/index.php?rest_route=\/wp\/v2\/posts\/974\/revisions"}],"predecessor-version":[{"id":975,"href":"https:\/\/www.opinioneslibres.es\/apesardetodo\/index.php?rest_route=\/wp\/v2\/posts\/974\/revisions\/975"}],"wp:attachment":[{"href":"https:\/\/www.opinioneslibres.es\/apesardetodo\/index.php?rest_route=%2Fwp%2Fv2%2Fmedia&parent=974"}],"wp:term":[{"taxonomy":"category","embeddable":true,"href":"https:\/\/www.opinioneslibres.es\/apesardetodo\/index.php?rest_route=%2Fwp%2Fv2%2Fcategories&post=974"},{"taxonomy":"post_tag","embeddable":true,"href":"https:\/\/www.opinioneslibres.es\/apesardetodo\/index.php?rest_route=%2Fwp%2Fv2%2Ftags&post=974"}],"curies":[{"name":"wp","href":"https:\/\/api.w.org\/{rel}","templated":true}]}}