{"id":977,"date":"2019-10-14T12:57:27","date_gmt":"2019-10-14T12:57:27","guid":{"rendered":"https:\/\/www.opinioneslibres.es\/apesardetodo\/?p=977"},"modified":"2019-10-14T12:57:27","modified_gmt":"2019-10-14T12:57:27","slug":"el-prior","status":"publish","type":"post","link":"https:\/\/www.opinioneslibres.es\/apesardetodo\/?p=977","title":{"rendered":"El prior"},"content":{"rendered":"<p>Ni resoluci\u00f3n del Congreso, ni decisi\u00f3n del Gobierno, ni Sentencia judicial. Al prior del Valle de los Ca\u00eddos solo le sirve mantener a Franco donde est\u00e1, por sus huevos (con perd\u00f3n) y con el aplauso de la familia del dictador y de los franquistas viejos y m\u00e1s modernos. Es desolador que el Tribunal Supremo haya tenido que recordarle que las sentencias est\u00e1n para ser cumplidas, y que estemos todos pendientes de qu\u00e9 ser\u00e1 capaz de hacer para evitar que se exhume al general. Los verbos sueltos en la Iglesia suelen resultar peligrosos para ella misma, pero especialmente para los dem\u00e1s. En este caso, a la intransigencia moral de un exaltado religioso se le une el extremismo ideol\u00f3gico de un fascista trasnochado que se escuda en la sotana para hacer de su capa un sayo.<\/p>\n<p>La Memoria Hist\u00f3rica es una deuda de honor que tiene Espa\u00f1a consigo misma, y, por encima de todo, con los represaliados y muertos del franquismo y sus familias. El discurso excusatorio de las derechas exigiendo pasar p\u00e1gina sin reparaciones es una desverg\u00fcenza y una canallada inasumibles que solamente merecen repudio. La Transici\u00f3n, en aras de la convivencia y la recuperaci\u00f3n de la democracia, ya se hizo con la generosidad de los perdedores, mientras que los ganadores se fueron de rositas sin asumir responsabilidades ni pagar por ellas. 40 a\u00f1os despu\u00e9s, es hora de hacer Justicia. Y sacar a Franco de donde lo enterraron para su permanente exaltaci\u00f3n es un principio de lo m\u00e1s adecuado. Al fin y al cabo, los nietos del general saben d\u00f3nde est\u00e1 su abuelo, y d\u00f3nde estar\u00e1, mientras muchos nietos de muchos otros muertos no saben en qu\u00e9 agujero de qu\u00e9 cuneta est\u00e1 el suyo.<\/p>\n<p>La Iglesia fue c\u00f3mplice activa de las tropel\u00edas de la dictadura, diga ahora lo que diga.\u00a0Y en lo que no lo fue, guard\u00f3 silencio y se puso de perfil. Una parte de ella, la que no admite que la base de la relaci\u00f3n pac\u00edfica entre espa\u00f1oles es la Democracia, y las pautas del comportamiento de los ciudadanos y de sus instituciones de gobierno y de representaci\u00f3n las marca la Constituci\u00f3n, mantiene la actitud soberbia de la imposici\u00f3n, la exclusi\u00f3n y la univocidad con la que justifican actitudes como la del prior de Los Ca\u00eddos. Como hicieron durante el franquismo porque llevaban haci\u00e9ndolo toda la vida del Se\u00f1or. \u00bfCu\u00e1ntos obispos le han plantado cara activa, rechazando su discurso de frentismo a la legalidad, y a la pura l\u00f3gica?.<\/p>\n<p>Aunque tal vez el problema no sea del prior. Si con la Iglesia no se llevaran templando gaitas desde el 36, y la Transici\u00f3n hubiera alumbrado una relaci\u00f3n neutral con ella basada de verdad en la laicidad que propugna la Constituci\u00f3n, otro gallo cantar\u00eda. El entendimiento de la curia cat\u00f3lica de que pueden seguir teniendo el mismo papel social y pol\u00edtico que tuvieron en la Espa\u00f1a franquista nunca ha sido suficiente ni adecuadamente puesto en cuesti\u00f3n. Los Acuerdos con el Vaticano y la pu\u00f1etera costumbre de nuestra clase dirigente de cog\u00e9rsela con papel de fumar cada vez que hay que pisarles lo fregado, les retroalimenta.\u00a0Hasta que no se les coloque en el lugar que les corresponde, que desde luego en la configuraci\u00f3n jur\u00eddica y emocional de nuestra sociedad es ninguno, no dejar\u00e1 de haber curas como el prior de Los Ca\u00eddos.<\/p>\n","protected":false},"excerpt":{"rendered":"<p>Ni resoluci\u00f3n del Congreso, ni decisi\u00f3n del Gobierno, ni Sentencia judicial. Al prior del Valle de los Ca\u00eddos solo le sirve mantener a Franco donde est\u00e1, por sus huevos (con perd\u00f3n) y con el aplauso de la familia del dictador y de los franquistas viejos y m\u00e1s modernos. Es desolador que el Tribunal Supremo haya [&#8230;]<\/p>\n","protected":false},"author":3,"featured_media":0,"comment_status":"open","ping_status":"closed","sticky":false,"template":"","format":"standard","meta":{"footnotes":""},"categories":[3],"tags":[],"class_list":["post-977","post","type-post","status-publish","format-standard","hentry","category-general"],"_links":{"self":[{"href":"https:\/\/www.opinioneslibres.es\/apesardetodo\/index.php?rest_route=\/wp\/v2\/posts\/977","targetHints":{"allow":["GET"]}}],"collection":[{"href":"https:\/\/www.opinioneslibres.es\/apesardetodo\/index.php?rest_route=\/wp\/v2\/posts"}],"about":[{"href":"https:\/\/www.opinioneslibres.es\/apesardetodo\/index.php?rest_route=\/wp\/v2\/types\/post"}],"author":[{"embeddable":true,"href":"https:\/\/www.opinioneslibres.es\/apesardetodo\/index.php?rest_route=\/wp\/v2\/users\/3"}],"replies":[{"embeddable":true,"href":"https:\/\/www.opinioneslibres.es\/apesardetodo\/index.php?rest_route=%2Fwp%2Fv2%2Fcomments&post=977"}],"version-history":[{"count":1,"href":"https:\/\/www.opinioneslibres.es\/apesardetodo\/index.php?rest_route=\/wp\/v2\/posts\/977\/revisions"}],"predecessor-version":[{"id":978,"href":"https:\/\/www.opinioneslibres.es\/apesardetodo\/index.php?rest_route=\/wp\/v2\/posts\/977\/revisions\/978"}],"wp:attachment":[{"href":"https:\/\/www.opinioneslibres.es\/apesardetodo\/index.php?rest_route=%2Fwp%2Fv2%2Fmedia&parent=977"}],"wp:term":[{"taxonomy":"category","embeddable":true,"href":"https:\/\/www.opinioneslibres.es\/apesardetodo\/index.php?rest_route=%2Fwp%2Fv2%2Fcategories&post=977"},{"taxonomy":"post_tag","embeddable":true,"href":"https:\/\/www.opinioneslibres.es\/apesardetodo\/index.php?rest_route=%2Fwp%2Fv2%2Ftags&post=977"}],"curies":[{"name":"wp","href":"https:\/\/api.w.org\/{rel}","templated":true}]}}