{"id":980,"date":"2020-04-09T11:38:23","date_gmt":"2020-04-09T11:38:23","guid":{"rendered":"https:\/\/www.opinioneslibres.es\/apesardetodo\/?p=980"},"modified":"2020-04-09T11:38:23","modified_gmt":"2020-04-09T11:38:23","slug":"confinados-confitados","status":"publish","type":"post","link":"https:\/\/www.opinioneslibres.es\/apesardetodo\/?p=980","title":{"rendered":"CONFINADOS CONFITADOS"},"content":{"rendered":"<p>Despu\u00e9s de tres semanas confinado en casa sin m\u00e1s compa\u00f1\u00eda que la buena de mi gata, puedo confesar sin verg\u00fcenza alguna que\u00a0estoy hasta el gorro y m\u00e1s arriba. Cuando nos encerraron, me hice una lista de cosas por hacer, esas que en circunstancias normales se dejan para los domingos pero que nunca se emprenden. Que si ordenar armarios, que si recolocar libros, que si reordenar estantes, que si cambiar alg\u00fan armario de sitio, que si hacer una limpieza a fondo de la cocina. Tambi\u00e9n inclu\u00ed leer y escribir, y\u00a0aplicarme a ejercicios f\u00edsicos que me evitaran ponerme como un zorolo\u00a0de ir de la cama al sof\u00e1, del sof\u00e1 a la nevera, de la nevera al sof\u00e1, y del sof\u00e1 a la cama. Las cosas de casa las acab\u00e9 a los tres d\u00edas, estoy leyendo una biograf\u00eda de Carlos III, no he escrito m\u00e1s que esto, no he hecho ejercicios ni un solo d\u00eda, y\u00a0estoy que me subo por las paredes.<\/p>\n<p>Teletrabajo de 9 a 19, comiendo de dos a tres y todas las veces que me duelen las piernas y me levanto hasta la cocina. Sobre las 12 veo la rueda de prensa diaria del equipo t\u00e9cnico habitual, y\u00a0despu\u00e9s de escucharles las cifras del miedo, me dedico a contarles las medallas a los militares y al polic\u00eda nacional, y a vigilar si los comparecientes tosen, est\u00e1n roncos o parecen que sudan porque tienen fiebre. La desgracia del coronavirus vivida en tiempo real es as\u00ed de absorbente, y no da tregua.<\/p>\n<p>De estar enchiquerado,\u00a0lo que peor llevo es todo en realidad. Gestiono bien la soledad, sin dificultades emocionales. Lo que no soporto es no poder moverme. Salir, pasear, mirar escaparates, cruzarme con la gente, respirar la ciudad. Y en los momentos dram\u00e1ticos que vivimos, tampoco soporto escuchar a los pol\u00edticos que nos gobiernan y a los que no con sus excusas, sus explicaciones, sus previsiones, sus amenazas, sus advertencias.\u00a0Estoy del buenismo del gobierno hasta las narices, de las apelaciones al miedo hasta las tetas que no tengo, de la falta de responsabilidad de la oposici\u00f3n hasta las ingles. Las comparecencias del presidente me aburren, y los v\u00eddeos de m\u00f3vil de Casado, Arrimadas o Abascal me sacan de quicio. El ministro de Sanidad me da mal rollo, el de Interior me pone nervioso, el de Transportes me provoca azogue, a los de Podemos no los sigo, y Revilla, como siempre, me harta hasta la arcada.<\/p>\n<p>Cuando todo acabe,\u00a0habr\u00e1 que volver a empezar. Eso dice mucha gente, la experta en la evoluci\u00f3n social y toda esa otra que solamente sabe de salir en tertulias televisivas hablando de todo. Seguramente sea cierto, y hayamos de aprender a ser, entendernos y relacionarnos de otra manera. Toda la solidaridad aut\u00e9ntica de estos d\u00edas no puede perderse cuando nos abran la puerta de casa. Los sanitarios, los farmac\u00e9uticos, los empleados de limpieza, los repartidores, los trabajadores de supermercados y tiendas de alimentaci\u00f3n, los vendedores de peri\u00f3dicos, los conductores de autobuses y del metro, tienen que consolidar el primer puesto de nuestro reconocimiento y respeto. Y los pol\u00edticos, nuestro desprecio m\u00e1s absoluto. Aquellos han estado a la altura, y son unos h\u00e9roes, Estos, no y no.\u00a0Tienen que sacarnos de dentro los peores sentimientos, porque se los han ganado a pulso.<\/p>\n<p>De la que volvamos a ser normales, me quedar\u00e1n de este tiempo los aplausos de las 8, los v\u00eddeos de los curados saliendo de los hospitales de campa\u00f1a, el ej\u00e9rcito ayudando, la solidaridad vecinal. Tambi\u00e9n el descontrol log\u00edstico, la falta de intendencia, la inquina indecente de los pol\u00edticos, la desverg\u00fcenza ideol\u00f3gica de alguna prensa. Y por supuesto, que ya me salen bien los bizcochos. Espero que nada de todo se me olvide, y ojal\u00e1, salvo lo del bizcocho, tampoco se le olvide a los espa\u00f1oles de bien que hemos soportado enclaustrados con la responsabilidad y el decoro que los toman decisiones no han tenido.<\/p>\n","protected":false},"excerpt":{"rendered":"<p>Despu\u00e9s de tres semanas confinado en casa sin m\u00e1s compa\u00f1\u00eda que la buena de mi gata, puedo confesar sin verg\u00fcenza alguna que\u00a0estoy hasta el gorro y m\u00e1s arriba. Cuando nos encerraron, me hice una lista de cosas por hacer, esas que en circunstancias normales se dejan para los domingos pero que nunca se emprenden. Que [&#8230;]<\/p>\n","protected":false},"author":3,"featured_media":0,"comment_status":"open","ping_status":"closed","sticky":false,"template":"","format":"standard","meta":{"footnotes":""},"categories":[3],"tags":[],"class_list":["post-980","post","type-post","status-publish","format-standard","hentry","category-general"],"_links":{"self":[{"href":"https:\/\/www.opinioneslibres.es\/apesardetodo\/index.php?rest_route=\/wp\/v2\/posts\/980","targetHints":{"allow":["GET"]}}],"collection":[{"href":"https:\/\/www.opinioneslibres.es\/apesardetodo\/index.php?rest_route=\/wp\/v2\/posts"}],"about":[{"href":"https:\/\/www.opinioneslibres.es\/apesardetodo\/index.php?rest_route=\/wp\/v2\/types\/post"}],"author":[{"embeddable":true,"href":"https:\/\/www.opinioneslibres.es\/apesardetodo\/index.php?rest_route=\/wp\/v2\/users\/3"}],"replies":[{"embeddable":true,"href":"https:\/\/www.opinioneslibres.es\/apesardetodo\/index.php?rest_route=%2Fwp%2Fv2%2Fcomments&post=980"}],"version-history":[{"count":1,"href":"https:\/\/www.opinioneslibres.es\/apesardetodo\/index.php?rest_route=\/wp\/v2\/posts\/980\/revisions"}],"predecessor-version":[{"id":981,"href":"https:\/\/www.opinioneslibres.es\/apesardetodo\/index.php?rest_route=\/wp\/v2\/posts\/980\/revisions\/981"}],"wp:attachment":[{"href":"https:\/\/www.opinioneslibres.es\/apesardetodo\/index.php?rest_route=%2Fwp%2Fv2%2Fmedia&parent=980"}],"wp:term":[{"taxonomy":"category","embeddable":true,"href":"https:\/\/www.opinioneslibres.es\/apesardetodo\/index.php?rest_route=%2Fwp%2Fv2%2Fcategories&post=980"},{"taxonomy":"post_tag","embeddable":true,"href":"https:\/\/www.opinioneslibres.es\/apesardetodo\/index.php?rest_route=%2Fwp%2Fv2%2Ftags&post=980"}],"curies":[{"name":"wp","href":"https:\/\/api.w.org\/{rel}","templated":true}]}}